{"id":98,"date":"2024-01-07T12:53:00","date_gmt":"2024-01-07T11:53:00","guid":{"rendered":"https:\/\/retoglobal.eu\/?p=98"},"modified":"2025-06-24T11:51:02","modified_gmt":"2025-06-24T09:51:02","slug":"cumbre-sobre-ambicion-climatica-en-la-onu-2023-guterres-advierte-sobre-el-cambio-climatico","status":"publish","type":"post","link":"https:\/\/retoglobal.eu\/index.php\/2024\/01\/07\/cumbre-sobre-ambicion-climatica-en-la-onu-2023-guterres-advierte-sobre-el-cambio-climatico\/","title":{"rendered":"Cumbre sobre Ambici\u00f3n Clim\u00e1tica en la ONU 2023: Guterres Advierte sobre el Cambio Clim\u00e1tico"},"content":{"rendered":"\n<p class=\"has-text-align-center\">El secretario general de la ONU, Ant\u00f3nio Guterres, ha inaugurado la Cumbre sobre la Ambici\u00f3n Clim\u00e1tica en la sede de Naciones Unidas, alertando sobre las consecuencias catastr\u00f3ficas del cambio clim\u00e1tico.<\/p>\n\n\n\n<p><strong>Fecha y Fuente:<\/strong> <a href=\"https:\/\/cadenaser.com\/nacional\/2023\/09\/20\/la-humanidad-ha-abierto-las-puertas-del-infierno-guterres-vuelve-a-alertar-del-cambio-climatico-cadena-ser\/\">Fecha: 20\/09\/2023 &#8211; 17:43 h CEST Fuente: Agencia Servimedia, Cadena SER<\/a><\/p>\n\n\n\n<blockquote class=\"wp-block-quote is-layout-flow wp-block-quote-is-layout-flow\">\n<p>Guterres ha destacado que \u00abla humanidad ha abierto las puertas del infierno\u00bb con el cambio clim\u00e1tico. En respuesta, propone un Pacto de Solidaridad Clim\u00e1tica con una \u00abagenda de aceleraci\u00f3n\u00bb, incluyendo medidas como el apoyo de pa\u00edses ricos a naciones emergentes.<\/p>\n<\/blockquote>\n\n\n\n<p>La Cumbre, convocada por Guterres en Nueva York, busca evaluar los esfuerzos contra el calentamiento global y motivar a los pa\u00edses a intensificar sus compromisos, ya que el mundo no cumple con el Acuerdo de Par\u00eds.<\/p>\n\n\n\n<p><strong>L\u00edderes Participantes:<\/strong> Un total de 34 l\u00edderes, incluyendo a Ursula von der Leyen y Pedro S\u00e1nchez, intervendr\u00e1n en la Cumbre para abordar la urgencia clim\u00e1tica.<\/p>\n\n\n\n<p><strong>Cr\u00edtica a la Falta de Progreso:<\/strong> Guterres critic\u00f3 la falta de avances en la reducci\u00f3n de emisiones, advirtiendo sobre las consecuencias actuales, como cosechas arrasadas, temperaturas extremas y eventos clim\u00e1ticos devastadores.<\/p>\n\n\n\n<p><strong>Llamado a la Acci\u00f3n:<\/strong> El secretario general insta a actuar con urgencia para limitar el aumento de la temperatura global a 1,5 grados. Destaca la importancia de la solidaridad, especialmente hacia los pa\u00edses en desarrollo, en la transici\u00f3n a energ\u00edas renovables.<\/p>\n\n\n\n<p><strong>Desaf\u00edos y Oportunidades:<\/strong> Guterres destaca la necesidad de acelerar la transici\u00f3n de combustibles f\u00f3siles a energ\u00edas renovables, subrayando que el tiempo apremia para evitar un futuro peligroso.<\/p>\n\n\n\n<h2 class=\"wp-block-heading\">Cumbre sobre Ambici\u00f3n Clim\u00e1tica en la ONU 2023<\/h2>\n","protected":false},"excerpt":{"rendered":"<p>Evaluaci\u00f3n de los pobres esfuerzos contra el cambio clim\u00e1tico y sus consecuencias.<\/p>\n","protected":false},"author":1,"featured_media":100,"comment_status":"closed","ping_status":"closed","sticky":false,"template":"","format":"standard","meta":{"footnotes":""},"categories":[1],"tags":[44,43,45],"class_list":["post-98","post","type-post","status-publish","format-standard","has-post-thumbnail","hentry","category-blog","tag-cambio-climatico","tag-consecuencias-cambio-climatico","tag-sequia"],"_links":{"self":[{"href":"https:\/\/retoglobal.eu\/index.php\/wp-json\/wp\/v2\/posts\/98","targetHints":{"allow":["GET"]}}],"collection":[{"href":"https:\/\/retoglobal.eu\/index.php\/wp-json\/wp\/v2\/posts"}],"about":[{"href":"https:\/\/retoglobal.eu\/index.php\/wp-json\/wp\/v2\/types\/post"}],"author":[{"embeddable":true,"href":"https:\/\/retoglobal.eu\/index.php\/wp-json\/wp\/v2\/users\/1"}],"replies":[{"embeddable":true,"href":"https:\/\/retoglobal.eu\/index.php\/wp-json\/wp\/v2\/comments?post=98"}],"version-history":[{"count":1,"href":"https:\/\/retoglobal.eu\/index.php\/wp-json\/wp\/v2\/posts\/98\/revisions"}],"predecessor-version":[{"id":101,"href":"https:\/\/retoglobal.eu\/index.php\/wp-json\/wp\/v2\/posts\/98\/revisions\/101"}],"wp:featuredmedia":[{"embeddable":true,"href":"https:\/\/retoglobal.eu\/index.php\/wp-json\/wp\/v2\/media\/100"}],"wp:attachment":[{"href":"https:\/\/retoglobal.eu\/index.php\/wp-json\/wp\/v2\/media?parent=98"}],"wp:term":[{"taxonomy":"category","embeddable":true,"href":"https:\/\/retoglobal.eu\/index.php\/wp-json\/wp\/v2\/categories?post=98"},{"taxonomy":"post_tag","embeddable":true,"href":"https:\/\/retoglobal.eu\/index.php\/wp-json\/wp\/v2\/tags?post=98"}],"curies":[{"name":"wp","href":"https:\/\/api.w.org\/{rel}","templated":true}]}}