{"id":884,"date":"2025-06-14T18:47:04","date_gmt":"2025-06-14T16:47:04","guid":{"rendered":"https:\/\/retoglobal.eu\/?p=884"},"modified":"2025-06-24T11:52:50","modified_gmt":"2025-06-24T09:52:50","slug":"5-de-junio-dia-del-medioambiente","status":"publish","type":"post","link":"https:\/\/retoglobal.eu\/index.php\/2025\/06\/14\/5-de-junio-dia-del-medioambiente\/","title":{"rendered":"5 de Junio, D\u00eda del Medioambiente."},"content":{"rendered":"\n<p>Seguimos reivindicando que en M\u00e1laga <strong>\u00abEl verde no sea un lujo, que sea un derecho\u00bb<\/strong><\/p>\n\n\n\n<p>Con motivo del 5J D\u00eda del Medio Ambiente, un interesante n\u00famero de asociaciones salimos a la calle a pedir que se tome conciencia de que necesitamos un futuro m\u00e1s verde.<\/p>\n\n\n\n<p>Comenz\u00f3 con un acto a las 19:00 horas frente al Colegio Adelaida de la Calle que conto con un trivial organizado por <a href=\"https:\/\/www.wwf.es\/participa\/grupos_locales_de_wwf\/grupo_malaga\/\">WWF<\/a>, la lectura por parte de alumnos del colegio, de diversos poemas con tem\u00e1tica medioambiental y la actuaci\u00f3n de un m\u00fasico.<\/p>\n\n\n\n<figure class=\"wp-block-image size-large\"><img loading=\"lazy\" decoding=\"async\" width=\"1024\" height=\"768\" src=\"https:\/\/retoglobal.eu\/wp-content\/uploads\/2025\/06\/5-1024x768.jpg\" alt=\"\" class=\"wp-image-886\" srcset=\"https:\/\/retoglobal.eu\/wp-content\/uploads\/2025\/06\/5-1024x768.jpg 1024w, https:\/\/retoglobal.eu\/wp-content\/uploads\/2025\/06\/5-300x225.jpg 300w, https:\/\/retoglobal.eu\/wp-content\/uploads\/2025\/06\/5-768x576.jpg 768w, https:\/\/retoglobal.eu\/wp-content\/uploads\/2025\/06\/5-400x300.jpg 400w, https:\/\/retoglobal.eu\/wp-content\/uploads\/2025\/06\/5.jpg 1280w\" sizes=\"auto, (max-width: 1024px) 100vw, 1024px\" \/><\/figure>\n\n\n\n<p>Luego iniciamos un paseo hasta la Laguna de Soliva, un espacio natural que merece ser protegido para tener una ciudad m\u00e1s sostenible de verdad, donde la biodiversidad sea prioridad y la naturaleza no se margine, sino que se cuide y celebre. Porque la naturaleza es la verdadera riqueza, all\u00ed se llevo a cabo la <a href=\"https:\/\/www.facebook.com\/amnistia.internacional.malaga\/videos\/1397318618079091?locale=es_ES\">Lectura del manifiesto<\/a> por la Plataforma Laguna Soliva.<\/p>\n\n\n\n<p>En este enlace nos hacemos eco de la fant\u00e1stica nota de Pepe Galindo en <a href=\"https:\/\/blogsostenible.wordpress.com\/\">Blog Sostenible<\/a> sobre la <a href=\"https:\/\/blogsostenible.wordpress.com\/2025\/05\/02\/laguna-de-soliva-y-entorno-biodiversidad-amenazado-por-el-pp-de-malaga\/\">Laguna de Soliva<\/a>.<\/p>\n\n\n\n<p>En prensa, elegimos esta nota de la <a href=\"https:\/\/cadenaser.com\/andalucia\/2025\/06\/03\/vecinos-se-movilizan-para-salvar-el-entorno-de-la-laguna-de-soliva-uno-de-los-ultimos-pulmones-verdes-de-malaga-ser-malaga\/\">Cadena Ser<\/a> al respecto.<\/p>\n\n\n\n<figure class=\"wp-block-image size-large\"><img loading=\"lazy\" decoding=\"async\" width=\"1024\" height=\"768\" src=\"https:\/\/retoglobal.eu\/wp-content\/uploads\/2025\/06\/4-1024x768.jpg\" alt=\"\" class=\"wp-image-887\" srcset=\"https:\/\/retoglobal.eu\/wp-content\/uploads\/2025\/06\/4-1024x768.jpg 1024w, https:\/\/retoglobal.eu\/wp-content\/uploads\/2025\/06\/4-300x225.jpg 300w, https:\/\/retoglobal.eu\/wp-content\/uploads\/2025\/06\/4-768x576.jpg 768w, https:\/\/retoglobal.eu\/wp-content\/uploads\/2025\/06\/4-400x300.jpg 400w, https:\/\/retoglobal.eu\/wp-content\/uploads\/2025\/06\/4.jpg 1280w\" sizes=\"auto, (max-width: 1024px) 100vw, 1024px\" \/><\/figure>\n\n\n\n<p><\/p>\n\n\n\n<p><\/p>\n","protected":false},"excerpt":{"rendered":"<p>Seguimos reivindicando que en M\u00e1laga \u00abEl verde no sea un lujo, que sea un derecho\u00bb Con motivo del 5J D\u00eda del Medio Ambiente, un interesante &hellip;<\/p>\n","protected":false},"author":1,"featured_media":885,"comment_status":"closed","ping_status":"closed","sticky":false,"template":"","format":"standard","meta":{"footnotes":""},"categories":[1],"tags":[],"class_list":["post-884","post","type-post","status-publish","format-standard","has-post-thumbnail","hentry","category-blog"],"_links":{"self":[{"href":"https:\/\/retoglobal.eu\/index.php\/wp-json\/wp\/v2\/posts\/884","targetHints":{"allow":["GET"]}}],"collection":[{"href":"https:\/\/retoglobal.eu\/index.php\/wp-json\/wp\/v2\/posts"}],"about":[{"href":"https:\/\/retoglobal.eu\/index.php\/wp-json\/wp\/v2\/types\/post"}],"author":[{"embeddable":true,"href":"https:\/\/retoglobal.eu\/index.php\/wp-json\/wp\/v2\/users\/1"}],"replies":[{"embeddable":true,"href":"https:\/\/retoglobal.eu\/index.php\/wp-json\/wp\/v2\/comments?post=884"}],"version-history":[{"count":1,"href":"https:\/\/retoglobal.eu\/index.php\/wp-json\/wp\/v2\/posts\/884\/revisions"}],"predecessor-version":[{"id":888,"href":"https:\/\/retoglobal.eu\/index.php\/wp-json\/wp\/v2\/posts\/884\/revisions\/888"}],"wp:featuredmedia":[{"embeddable":true,"href":"https:\/\/retoglobal.eu\/index.php\/wp-json\/wp\/v2\/media\/885"}],"wp:attachment":[{"href":"https:\/\/retoglobal.eu\/index.php\/wp-json\/wp\/v2\/media?parent=884"}],"wp:term":[{"taxonomy":"category","embeddable":true,"href":"https:\/\/retoglobal.eu\/index.php\/wp-json\/wp\/v2\/categories?post=884"},{"taxonomy":"post_tag","embeddable":true,"href":"https:\/\/retoglobal.eu\/index.php\/wp-json\/wp\/v2\/tags?post=884"}],"curies":[{"name":"wp","href":"https:\/\/api.w.org\/{rel}","templated":true}]}}