{"id":847,"date":"2025-04-29T12:09:36","date_gmt":"2025-04-29T10:09:36","guid":{"rendered":"https:\/\/retoglobal.eu\/?p=847"},"modified":"2025-06-24T11:53:37","modified_gmt":"2025-06-24T09:53:37","slug":"encuentro-alianzas-climaticas","status":"publish","type":"post","link":"https:\/\/retoglobal.eu\/index.php\/2025\/04\/29\/encuentro-alianzas-climaticas\/","title":{"rendered":"Encuentro Alianzas Clim\u00e1ticas"},"content":{"rendered":"\n<h2 class=\"wp-block-heading\">Estuvimos presentes en el encuentro organizado por la Alianza por el Clima, 25 y 26 de abril en Madrid.<\/h2>\n\n\n\n<p>El viernes 25 comenzamos con la bienvenida a cargo de\u00a0<strong><a href=\"https:\/\/www.linkedin.com\/posts\/mitecogob_elena-pita-nueva-directora-de-la-oficina-activity-7282417299028951040-p0dM\/?originalSubdomain=es\">Elena Pita, Directora de la Oficina Espa\u00f1ola de Cambio Clim\u00e1tico<\/a><\/strong> que nos dejo algunas frases no compartidas.<\/p>\n\n\n\n<figure class=\"wp-block-image size-full\"><img loading=\"lazy\" decoding=\"async\" width=\"510\" height=\"261\" src=\"https:\/\/retoglobal.eu\/wp-content\/uploads\/2025\/04\/Directora.png\" alt=\"\" class=\"wp-image-851\" srcset=\"https:\/\/retoglobal.eu\/wp-content\/uploads\/2025\/04\/Directora.png 510w, https:\/\/retoglobal.eu\/wp-content\/uploads\/2025\/04\/Directora-300x154.png 300w, https:\/\/retoglobal.eu\/wp-content\/uploads\/2025\/04\/Directora-431x221.png 431w\" sizes=\"auto, (max-width: 510px) 100vw, 510px\" \/><\/figure>\n\n\n\n<p>Seguimos con una\u00a0<strong>Mesa Inaugural de Transici\u00f3n justa y justicia clim\u00e1tica<\/strong>\u00a0fant\u00e1stica, con las intervenciones de <strong>Bert de Wel <\/strong>Economista Ecol\u00f3gico<strong> <a href=\"https:\/\/www.ituc-csi.org\/?lang=es\">Confederaci\u00f3n Sindical Internacional<\/a><\/strong>, <strong>Francesca Daltesi<\/strong> responsable de Transici\u00f3n Justa en <a href=\"https:\/\/climatenetwork.org\/\">Climate Action Network <\/a>, <strong>Victor Argentino Instituto P\u00f3lis <\/strong>e <strong>Isabel Iparraguirre <\/strong><a href=\"https:\/\/www.alianzaporlasolidaridad.org\/\" target=\"_blank\" rel=\"noreferrer noopener\">Alianza por la Solidaridad<\/a>, para finalizar con un muy buen debate e impresiones, todo capitaneado por <strong>Javier Andaluz<\/strong>, Coordinador de la <a href=\"https:\/\/alianzaporelclima.org\/\">Alianza por el Clima<\/a>.<\/p>\n\n\n\n<figure class=\"wp-block-image size-full\"><img loading=\"lazy\" decoding=\"async\" width=\"389\" height=\"337\" src=\"https:\/\/retoglobal.eu\/wp-content\/uploads\/2025\/04\/Isa-y-Francesca.png\" alt=\"\" class=\"wp-image-850\" srcset=\"https:\/\/retoglobal.eu\/wp-content\/uploads\/2025\/04\/Isa-y-Francesca.png 389w, https:\/\/retoglobal.eu\/wp-content\/uploads\/2025\/04\/Isa-y-Francesca-300x260.png 300w, https:\/\/retoglobal.eu\/wp-content\/uploads\/2025\/04\/Isa-y-Francesca-346x300.png 346w\" sizes=\"auto, (max-width: 389px) 100vw, 389px\" \/><\/figure>\n\n\n\n<p>El s\u00e1bado comenzamos a las 9:30 horas donde tuvimos la oportunidad de conocer la situaci\u00f3n de los distintos territorios presentes, el resultado del diagn\u00f3stico propio en un informe del trabajo realizado en 2024, el reto de la comunicaci\u00f3n y como mejorar y finalizamos con la situaci\u00f3n actual, pol\u00edtica, medioambiental, retrocesos, objetivos y prioridades para 2025.<\/p>\n\n\n\n<figure class=\"wp-block-image size-full\"><img loading=\"lazy\" decoding=\"async\" width=\"1000\" height=\"750\" src=\"https:\/\/retoglobal.eu\/wp-content\/uploads\/2025\/04\/bafkreihbj4g36uqhnk6vr43v2moq7zhyz7jmmhklms2ool27pakh5afcoa.jpg\" alt=\"\" class=\"wp-image-853\" srcset=\"https:\/\/retoglobal.eu\/wp-content\/uploads\/2025\/04\/bafkreihbj4g36uqhnk6vr43v2moq7zhyz7jmmhklms2ool27pakh5afcoa.jpg 1000w, https:\/\/retoglobal.eu\/wp-content\/uploads\/2025\/04\/bafkreihbj4g36uqhnk6vr43v2moq7zhyz7jmmhklms2ool27pakh5afcoa-300x225.jpg 300w, https:\/\/retoglobal.eu\/wp-content\/uploads\/2025\/04\/bafkreihbj4g36uqhnk6vr43v2moq7zhyz7jmmhklms2ool27pakh5afcoa-768x576.jpg 768w, https:\/\/retoglobal.eu\/wp-content\/uploads\/2025\/04\/bafkreihbj4g36uqhnk6vr43v2moq7zhyz7jmmhklms2ool27pakh5afcoa-400x300.jpg 400w\" sizes=\"auto, (max-width: 1000px) 100vw, 1000px\" \/><\/figure>\n","protected":false},"excerpt":{"rendered":"<p>Estuvimos presentes en el encuentro organizado por la Alianza por el Clima, 25 y 26 de abril en Madrid. El viernes 25 comenzamos con la &hellip;<\/p>\n","protected":false},"author":1,"featured_media":842,"comment_status":"closed","ping_status":"closed","sticky":false,"template":"","format":"standard","meta":{"footnotes":""},"categories":[1,59,46],"tags":[107,44,43,93,34],"class_list":["post-847","post","type-post","status-publish","format-standard","has-post-thumbnail","hentry","category-blog","category-eventos","category-medio-ambiente","tag-alianza-x-clima","tag-cambio-climatico","tag-consecuencias-cambio-climatico","tag-retoglobal-eu","tag-sostenibilidad"],"_links":{"self":[{"href":"https:\/\/retoglobal.eu\/index.php\/wp-json\/wp\/v2\/posts\/847","targetHints":{"allow":["GET"]}}],"collection":[{"href":"https:\/\/retoglobal.eu\/index.php\/wp-json\/wp\/v2\/posts"}],"about":[{"href":"https:\/\/retoglobal.eu\/index.php\/wp-json\/wp\/v2\/types\/post"}],"author":[{"embeddable":true,"href":"https:\/\/retoglobal.eu\/index.php\/wp-json\/wp\/v2\/users\/1"}],"replies":[{"embeddable":true,"href":"https:\/\/retoglobal.eu\/index.php\/wp-json\/wp\/v2\/comments?post=847"}],"version-history":[{"count":2,"href":"https:\/\/retoglobal.eu\/index.php\/wp-json\/wp\/v2\/posts\/847\/revisions"}],"predecessor-version":[{"id":855,"href":"https:\/\/retoglobal.eu\/index.php\/wp-json\/wp\/v2\/posts\/847\/revisions\/855"}],"wp:featuredmedia":[{"embeddable":true,"href":"https:\/\/retoglobal.eu\/index.php\/wp-json\/wp\/v2\/media\/842"}],"wp:attachment":[{"href":"https:\/\/retoglobal.eu\/index.php\/wp-json\/wp\/v2\/media?parent=847"}],"wp:term":[{"taxonomy":"category","embeddable":true,"href":"https:\/\/retoglobal.eu\/index.php\/wp-json\/wp\/v2\/categories?post=847"},{"taxonomy":"post_tag","embeddable":true,"href":"https:\/\/retoglobal.eu\/index.php\/wp-json\/wp\/v2\/tags?post=847"}],"curies":[{"name":"wp","href":"https:\/\/api.w.org\/{rel}","templated":true}]}}