{"id":838,"date":"2025-04-23T13:23:08","date_gmt":"2025-04-23T11:23:08","guid":{"rendered":"https:\/\/retoglobal.eu\/?p=838"},"modified":"2025-06-24T11:41:37","modified_gmt":"2025-06-24T09:41:37","slug":"hoy-se-estrena-hope-estamos-a-tiempo","status":"publish","type":"post","link":"https:\/\/retoglobal.eu\/index.php\/2025\/04\/23\/hoy-se-estrena-hope-estamos-a-tiempo\/","title":{"rendered":"Hoy se estrena HOPE!, Estamos a tiempo."},"content":{"rendered":"\n<h2 class=\"wp-block-heading\">Hoy mi\u00e9rcoles 23 de abril, se estrena en abierto a las 22:00 Horas en la 2 de Televisi\u00f3n Espa\u00f1ola, ayer martes 22 de abril a las 20:00 horas en RTVE Play <\/h2>\n\n\n\n<p>Si record\u00e1is, el d\u00eda 17 de marzo, estuvimos presentes en <a href=\"https:\/\/retoglobal.eu\/index.php\/2025\/03\/17\/presentacion-de-la-serie-hope-estamos-a-tiempo\/\">la presentaci\u00f3n de HOPE! Estamos a tiempo<\/a> dentro del 28 <a href=\"https:\/\/festivaldemalaga.com\/\">Festival de Cine de M\u00e1laga<\/a>.<\/p>\n\n\n\n<p>La serie es presentada con seis episodios, hace hincapi\u00e9 y difusi\u00f3n de unas estrategias medibles y escalables para reducir las emisiones de carbono y regenerar el planeta. Tambi\u00e9n presenta un simulador de emisiones para cuantificar el impacto de cada una y de los pasos necesarios para alcanzar la meta de reducci\u00f3n de emisiones.<\/p>\n\n\n\n<p>Ayer martes 22 de abril a las 20:00 horas en RTVE Play y hoy mi\u00e9rcoles 23 de abril a las 22:00 en La 2, se estrena la <a href=\"https:\/\/www.rtve.es\/play\/videos\/hope-estamos-a-tiempo\">serie, HOPE! Estamos a tiempo.<\/a> <\/p>\n\n\n\n<p>Serie presentada por <a href=\"https:\/\/www.linkedin.com\/in\/javier-penia\/?originalSubdomain=es\">Javier Pe\u00f1a<\/a><\/p>\n\n\n\n<p>Dirigida por Jaime Bartolom\u00e9, \u00c1lvaro Ron<\/p>\n\n\n\n<p>Producida por Mariano Baratech, Cristina Escobar Arroyo, Raquel Pedreira N\u00fa\u00f1ez, Nekane Etxarte Go\u00f1i, Jes\u00fas Ulled Nadal, Eugenio Saavedra, Daniel Sese\u00f1a<\/p>\n\n\n\n<p>En el equipo t\u00e9cnico Jaime Bartolom\u00e9 (Guion), Javier Pe\u00f1a (Guion), Marlenne Garc\u00eda Mu\u00f1oz (Guion), Mar\u00eda Cabo (Guion), Leyre Pejenaute (Guion), Pablo Vidal (Producci\u00f3n de contenidos), Antonio G\u00f3mez-Escalonilla (Montaje), Ricardo Gallego (Montaje), Martina Saminara (Montaje), Barto Alcaine (Sonido), Bienve Valdivia (Fotograf\u00eda), Elena Mart\u00ednez Llorente (Documentaci\u00f3n).<\/p>\n","protected":false},"excerpt":{"rendered":"<p>Hoy mi\u00e9rcoles 23 de abril, se estrena en abierto a las 22:00 Horas en la 2 de Televisi\u00f3n Espa\u00f1ola, ayer martes 22 de abril a &hellip;<\/p>\n","protected":false},"author":1,"featured_media":839,"comment_status":"closed","ping_status":"closed","sticky":false,"template":"","format":"standard","meta":{"footnotes":""},"categories":[59,46],"tags":[44,43,47,48,6,34],"class_list":["post-838","post","type-post","status-publish","format-standard","has-post-thumbnail","hentry","category-eventos","category-medio-ambiente","tag-cambio-climatico","tag-consecuencias-cambio-climatico","tag-emisiones","tag-impacto","tag-perdida-de-biodiversidad","tag-sostenibilidad"],"_links":{"self":[{"href":"https:\/\/retoglobal.eu\/index.php\/wp-json\/wp\/v2\/posts\/838","targetHints":{"allow":["GET"]}}],"collection":[{"href":"https:\/\/retoglobal.eu\/index.php\/wp-json\/wp\/v2\/posts"}],"about":[{"href":"https:\/\/retoglobal.eu\/index.php\/wp-json\/wp\/v2\/types\/post"}],"author":[{"embeddable":true,"href":"https:\/\/retoglobal.eu\/index.php\/wp-json\/wp\/v2\/users\/1"}],"replies":[{"embeddable":true,"href":"https:\/\/retoglobal.eu\/index.php\/wp-json\/wp\/v2\/comments?post=838"}],"version-history":[{"count":1,"href":"https:\/\/retoglobal.eu\/index.php\/wp-json\/wp\/v2\/posts\/838\/revisions"}],"predecessor-version":[{"id":840,"href":"https:\/\/retoglobal.eu\/index.php\/wp-json\/wp\/v2\/posts\/838\/revisions\/840"}],"wp:featuredmedia":[{"embeddable":true,"href":"https:\/\/retoglobal.eu\/index.php\/wp-json\/wp\/v2\/media\/839"}],"wp:attachment":[{"href":"https:\/\/retoglobal.eu\/index.php\/wp-json\/wp\/v2\/media?parent=838"}],"wp:term":[{"taxonomy":"category","embeddable":true,"href":"https:\/\/retoglobal.eu\/index.php\/wp-json\/wp\/v2\/categories?post=838"},{"taxonomy":"post_tag","embeddable":true,"href":"https:\/\/retoglobal.eu\/index.php\/wp-json\/wp\/v2\/tags?post=838"}],"curies":[{"name":"wp","href":"https:\/\/api.w.org\/{rel}","templated":true}]}}