{"id":833,"date":"2025-04-23T12:44:20","date_gmt":"2025-04-23T10:44:20","guid":{"rendered":"https:\/\/retoglobal.eu\/?p=833"},"modified":"2025-06-24T11:42:20","modified_gmt":"2025-06-24T09:42:20","slug":"estuvimos-presente-en-el-foro-sobre-ordenacion-territorial-y-urbanismo-desafios-y-perspectivas-en-debate","status":"publish","type":"post","link":"https:\/\/retoglobal.eu\/index.php\/2025\/04\/23\/estuvimos-presente-en-el-foro-sobre-ordenacion-territorial-y-urbanismo-desafios-y-perspectivas-en-debate\/","title":{"rendered":"Estuvimos presente en el Foro sobre Ordenaci\u00f3n Territorial y Urbanismo: Desaf\u00edos y Perspectivas en Debate."},"content":{"rendered":"\n<h2 class=\"wp-block-heading\">El martes 22 de abril, estuvimos presente en el Foro 4 extraordinario: Ordenaci\u00f3n Territorial y Urbanismo: Desaf\u00edos y Perspectivas en Debate, organizado por la Asociaci\u00f3n de Estudios Urban\u00edsticos y Territoriales Teatinos, en el Aula B2, Facultad de Ciencias de la Universidad de M\u00e1laga.<\/h2>\n\n\n\n<figure class=\"wp-block-embed is-type-wp-embed is-provider-incrustado wp-block-embed-incrustado\"><div class=\"wp-block-embed__wrapper\">\n<blockquote class=\"wp-embedded-content\" data-secret=\"18xflLtgNc\"><a href=\"https:\/\/asociacionteatinos.com\/foro-teatinos-no-4-22-abril-2025\/\">Foro Teatinos N\u00ba 4 22 Abril 2025<\/a><\/blockquote><iframe loading=\"lazy\" class=\"wp-embedded-content\" sandbox=\"allow-scripts\" security=\"restricted\" style=\"position: absolute; visibility: hidden;\" title=\"\u00abForo Teatinos N\u00ba 4 22 Abril 2025\u00bb \u2014 \" src=\"https:\/\/asociacionteatinos.com\/foro-teatinos-no-4-22-abril-2025\/embed\/#?secret=G9wSrxPA8p#?secret=18xflLtgNc\" data-secret=\"18xflLtgNc\" width=\"600\" height=\"338\" frameborder=\"0\" marginwidth=\"0\" marginheight=\"0\" scrolling=\"no\"><\/iframe>\n<\/div><\/figure>\n\n\n\n<p>Con la participaci\u00f3n de <strong><a href=\"https:\/\/www.linkedin.com\/in\/vicente-segui-perez-78539931?originalSubdomain=es\">Vicente Segu\u00ed P\u00e9rez<\/a><\/strong>, Economista y urbanista, Presidente de la Asociaci\u00f3n de Estudios Urban\u00edsticos y Territoriales Teatinos; <strong><a href=\"https:\/\/www.uma.es\/departamento-de-geografia\/info\/70613\/enrique-navarro-jurado\/\">Enrique Navarro Jurado<\/a>, <\/strong>del Instituto Andaluz de Investigaci\u00f3n e Innovaci\u00f3n del Turismo; <strong><a href=\"https:\/\/www.uma.es\/departments\/teachers\/THc1VGJiT2VoWHJBOC8vcHZnb0ZPZz09\/\">Enrique Salvo Tierra<\/a><\/strong>, Director de la C\u00e1tedra de Cambio Clim\u00e1tico de la Universidad de M\u00e1laga y con la Organizaci\u00f3n, Coordinaci\u00f3n y Moderaci\u00f3n de <strong><a href=\"https:\/\/www.linkedin.com\/in\/pablo-cozano-perez\/\">Pablo Cozano P\u00e9rez<\/a><\/strong>, Ambient\u00f3logo e Investigador.<\/p>\n\n\n\n<p>Ponencias muy interesantes que giraron en torno al problema del acceso a la vivienda en M\u00e1laga con sus interacciones con el turismo en todas sus formas, con sus consecuencias clim\u00e1ticas, el camino de porque llegamos a esta situaci\u00f3n y con una muy buena rueda de preguntas y participaci\u00f3n de los presentes. <\/p>\n\n\n\n<p>La mayor\u00eda de las intervenciones derivaron en la problem\u00e1tica de la vivienda, del suelo, del incremento del turismo de la inmediatez, de los conflictos sociales que esto genera y un largo etc\u00e9tera.<\/p>\n\n\n\n<figure class=\"wp-block-image size-large\"><img loading=\"lazy\" decoding=\"async\" width=\"1024\" height=\"768\" src=\"https:\/\/retoglobal.eu\/wp-content\/uploads\/2025\/04\/IMG_20250422_191335_1-1024x768.jpg\" alt=\"\" class=\"wp-image-834\" srcset=\"https:\/\/retoglobal.eu\/wp-content\/uploads\/2025\/04\/IMG_20250422_191335_1-1024x768.jpg 1024w, https:\/\/retoglobal.eu\/wp-content\/uploads\/2025\/04\/IMG_20250422_191335_1-300x225.jpg 300w, https:\/\/retoglobal.eu\/wp-content\/uploads\/2025\/04\/IMG_20250422_191335_1-768x576.jpg 768w, https:\/\/retoglobal.eu\/wp-content\/uploads\/2025\/04\/IMG_20250422_191335_1-1536x1152.jpg 1536w, https:\/\/retoglobal.eu\/wp-content\/uploads\/2025\/04\/IMG_20250422_191335_1-2048x1536.jpg 2048w, https:\/\/retoglobal.eu\/wp-content\/uploads\/2025\/04\/IMG_20250422_191335_1-400x300.jpg 400w\" sizes=\"auto, (max-width: 1024px) 100vw, 1024px\" \/><\/figure>\n","protected":false},"excerpt":{"rendered":"<p>El martes 22 de abril, estuvimos presente en el Foro 4 extraordinario: Ordenaci\u00f3n Territorial y Urbanismo: Desaf\u00edos y Perspectivas en Debate, organizado por la Asociaci\u00f3n &hellip;<\/p>\n","protected":false},"author":1,"featured_media":835,"comment_status":"closed","ping_status":"closed","sticky":false,"template":"","format":"standard","meta":{"footnotes":""},"categories":[1],"tags":[44,43,47,34,106,104,105],"class_list":["post-833","post","type-post","status-publish","format-standard","has-post-thumbnail","hentry","category-blog","tag-cambio-climatico","tag-consecuencias-cambio-climatico","tag-emisiones","tag-sostenibilidad","tag-turismo","tag-turismo-insostenible","tag-vivienda"],"_links":{"self":[{"href":"https:\/\/retoglobal.eu\/index.php\/wp-json\/wp\/v2\/posts\/833","targetHints":{"allow":["GET"]}}],"collection":[{"href":"https:\/\/retoglobal.eu\/index.php\/wp-json\/wp\/v2\/posts"}],"about":[{"href":"https:\/\/retoglobal.eu\/index.php\/wp-json\/wp\/v2\/types\/post"}],"author":[{"embeddable":true,"href":"https:\/\/retoglobal.eu\/index.php\/wp-json\/wp\/v2\/users\/1"}],"replies":[{"embeddable":true,"href":"https:\/\/retoglobal.eu\/index.php\/wp-json\/wp\/v2\/comments?post=833"}],"version-history":[{"count":1,"href":"https:\/\/retoglobal.eu\/index.php\/wp-json\/wp\/v2\/posts\/833\/revisions"}],"predecessor-version":[{"id":836,"href":"https:\/\/retoglobal.eu\/index.php\/wp-json\/wp\/v2\/posts\/833\/revisions\/836"}],"wp:featuredmedia":[{"embeddable":true,"href":"https:\/\/retoglobal.eu\/index.php\/wp-json\/wp\/v2\/media\/835"}],"wp:attachment":[{"href":"https:\/\/retoglobal.eu\/index.php\/wp-json\/wp\/v2\/media?parent=833"}],"wp:term":[{"taxonomy":"category","embeddable":true,"href":"https:\/\/retoglobal.eu\/index.php\/wp-json\/wp\/v2\/categories?post=833"},{"taxonomy":"post_tag","embeddable":true,"href":"https:\/\/retoglobal.eu\/index.php\/wp-json\/wp\/v2\/tags?post=833"}],"curies":[{"name":"wp","href":"https:\/\/api.w.org\/{rel}","templated":true}]}}