{"id":828,"date":"2025-04-21T17:07:15","date_gmt":"2025-04-21T15:07:15","guid":{"rendered":"https:\/\/retoglobal.eu\/?p=828"},"modified":"2025-06-24T11:42:45","modified_gmt":"2025-06-24T09:42:45","slug":"implementacion-del-sistema-uvi-lisco","status":"publish","type":"post","link":"https:\/\/retoglobal.eu\/index.php\/2025\/04\/21\/implementacion-del-sistema-uvi-lisco\/","title":{"rendered":"Implementaci\u00f3n del sistema UVI-Lisco en M\u00e1laga"},"content":{"rendered":"\n<h2 class=\"wp-block-heading\">El d\u00eda lunes 21 de abril, hicimos una petici\u00f3n al <strong>\u00c1rea de Sostenibilidad Medioambiental<\/strong> y a la <strong>Secci\u00f3n de Playas, Servicios Operativos<\/strong> del Ayuntamiento de M\u00e1laga, para la implementaci\u00f3n del sistema UVI-lisco, para promover la protecci\u00f3n solar y la salud p\u00fablica.<\/h2>\n\n\n\n<p>En nuestro escrito, solicitamos desde la Asociaci\u00f3n retoglobal.eu, la implementaci\u00f3n del sistema <strong>UVI-lisco<\/strong> en las playas, paseos mar\u00edtimos, parques, colegios, etc., de M\u00e1laga.<\/p>\n\n\n\n<p><strong>Hoy, 21 de mayo, recibimos la siguiente respuesta por parte del \u00e1rea de playas del Ayuntamiento de M\u00e1laga<\/strong>.<\/p>\n\n\n\n<blockquote class=\"wp-block-quote is-layout-flow wp-block-quote-is-layout-flow\">\n<p>Buenas tardes,<\/p>\n\n\n\n<p>Para estudiar la implementaci\u00f3n del sistema que indican, deben describir previamente, de forma pormenorizada y concretamente, en que consistir\u00eda (materiales, sistema de montaje y desmontaje, ubicaciones, tiempos, &#8230;..). As\u00ed mismo deben aclarar que tiene que ser a coste cero para este ayuntamiento y no puede haber publicidad.<\/p>\n\n\n\n<p>En el caso que tuviera coste para este ayuntamiento pueden presentar la informaci\u00f3n comercial que crean oportuna. Indic\u00e1ndole que en cualquier caso ser\u00eda mediante licitaci\u00f3n p\u00fablica, en las condiciones, especificaciones t\u00e9cnicas, formatos y plazos que este Ayto. estimar\u00e1.<\/p>\n\n\n\n<p>Un saludo<\/p>\n<\/blockquote>\n\n\n\n<p class=\"has-text-align-center\"><strong><em>Teniendo esta respuesta, vamos a estudiar si presentamos algunas alternativas constructivas para que el ayuntamiento estudie la posibilidad de llamar a licitaci\u00f3n p\u00fablica la implantaci\u00f3n de Uvi-Lisco, insistimos que es un sistema muy sencillo y econ\u00f3mico, de prevenci\u00f3n y de protecci\u00f3n solar.<\/em> <\/strong><\/p>\n\n\n\n<p class=\"has-text-align-center\"><strong>La Asociaci\u00f3n retoglobal.eu en ning\u00fan caso quiere obtener beneficios econ\u00f3micos ni por la implementaci\u00f3n de este sistema ni por la fabricaci\u00f3n, instalaci\u00f3n ,etc.; lo que proponemos es utilizar este sistema de prevenci\u00f3n desarrollado en M\u00e1laga. <\/strong><\/p>\n\n\n\n<p>Esta iniciativa fue desarrollada por la Universidad de M\u00e1laga y se orienta a informar y sensibilizar a la ciudadan\u00eda sobre la importancia del uso adecuado de protecci\u00f3n solar, ofreciendo un m\u00e9todo sencillo con recomendaciones basadas en la intensidad ultravioleta (UVI) en tiempo real.<\/p>\n\n\n\n<figure class=\"wp-block-image size-full\"><img loading=\"lazy\" decoding=\"async\" width=\"977\" height=\"733\" src=\"https:\/\/retoglobal.eu\/wp-content\/uploads\/2025\/04\/UVI-Lisco-UMA.png\" alt=\"Sistema Uvi-lisco en la Universidad de M\u00e1laga\" class=\"wp-image-829\" srcset=\"https:\/\/retoglobal.eu\/wp-content\/uploads\/2025\/04\/UVI-Lisco-UMA.png 977w, https:\/\/retoglobal.eu\/wp-content\/uploads\/2025\/04\/UVI-Lisco-UMA-300x225.png 300w, https:\/\/retoglobal.eu\/wp-content\/uploads\/2025\/04\/UVI-Lisco-UMA-768x576.png 768w, https:\/\/retoglobal.eu\/wp-content\/uploads\/2025\/04\/UVI-Lisco-UMA-400x300.png 400w\" sizes=\"auto, (max-width: 977px) 100vw, 977px\" \/><\/figure>\n\n\n\n<p><a href=\"https:\/\/maps.app.goo.gl\/LmwfU3X65x1NpLMM9\">Ubicaci\u00f3n de Uvi-lisco en la Universidad de M\u00e1laga en Teatinos.<\/a><\/p>\n\n\n\n<p><strong>Razones y beneficios de implementar UVI-lisco en nuestras playas:<\/strong><\/p>\n\n\n\n<ol start=\"1\" class=\"wp-block-list\">\n<li><strong>Prevenci\u00f3n de enfermedades dermatol\u00f3gicas:<\/strong><br>La exposici\u00f3n prolongada a la radiaci\u00f3n UV sin la protecci\u00f3n adecuada incrementa el riesgo de quemaduras solares, envejecimiento prematuro de la piel y c\u00e1ncer cut\u00e1neo. UVI-lisco permite a los usuarios conocer la intensidad de radiaci\u00f3n en cada momento y adoptar medidas preventivas, reduciendo significativamente estos riesgos.<\/li>\n\n\n\n<li><strong>Concienciaci\u00f3n y educaci\u00f3n en salud p\u00fablica:<\/strong><br>Al disponer de un sistema que informe de forma clara y precisa la intensidad de la radiaci\u00f3n solar, se fomenta una cultura de prevenci\u00f3n y cuidado personal. Esto resulta especialmente importante en zonas tur\u00edsticas y de alta afluencia, donde la protecci\u00f3n solar puede pasar desapercibida o subestimarse como en las playas, paseos mar\u00edtimos, parques, patios de escuelas, etc.<\/li>\n\n\n\n<li><strong>Informaci\u00f3n en tiempo real para tomar decisiones informadas:<\/strong><br>UVI-lisco ofrece un sistema sencillo y de f\u00e1cil comprensi\u00f3n, que permiten a los ba\u00f1istas, familias y profesionales del sector tur\u00edstico planificar sus actividades y aplicar medidas de protecci\u00f3n de manera oportuna. Este recurso es esencial para mitigar los riesgos asociados a la exposici\u00f3n solar y promover h\u00e1bitos saludables.<\/li>\n\n\n\n<li><strong>Alineaci\u00f3n con las directrices de salud p\u00fablica y medioambientales:<\/strong><br>La implementaci\u00f3n de este sistema respalda las pol\u00edticas de salud y protecci\u00f3n ambiental que el Ayuntamiento ha promovido en los \u00faltimos a\u00f1os. Adem\u00e1s, refuerza el compromiso de M\u00e1laga con la innovaci\u00f3n y la colaboraci\u00f3n entre instituciones p\u00fablicas y acad\u00e9micas para el bienestar de sus ciudadanos.<\/li>\n\n\n\n<li><strong>Mejora de la imagen tur\u00edstica y de la calidad de vida:<\/strong><br>Una mayor conciencia sobre la protecci\u00f3n solar y la implementaci\u00f3n de tecnolog\u00edas avanzadas en las playas contribuir\u00e1n a consolidar la imagen de M\u00e1laga como una ciudad moderna, preocupada por la salud y seguridad de los visitantes y residentes.<\/li>\n<\/ol>\n\n\n\n<p><strong>Solicitud:<\/strong><br>Solicitamos que el Ayuntamiento considere la instalaci\u00f3n de <strong>UVI-lisco<\/strong> en puntos estrat\u00e9gicos de las playas malague\u00f1as, paseos mar\u00edtimos, parques, escuelas, etc. Este sistema, basado en rigurosos estudios y datos cient\u00edficos aportados por la Universidad de M\u00e1laga, es una herramienta sencilla y fundamental para informar a la ciudadan\u00eda y reducir riesgos para la salud derivados de la exposici\u00f3n solar.<\/p>\n\n\n\n<figure class=\"wp-block-image size-large\"><img loading=\"lazy\" decoding=\"async\" width=\"1024\" height=\"768\" src=\"https:\/\/retoglobal.eu\/wp-content\/uploads\/2025\/04\/Carteleria-UMA-1024x768.jpg\" alt=\"\" class=\"wp-image-830\" srcset=\"https:\/\/retoglobal.eu\/wp-content\/uploads\/2025\/04\/Carteleria-UMA-1024x768.jpg 1024w, https:\/\/retoglobal.eu\/wp-content\/uploads\/2025\/04\/Carteleria-UMA-300x225.jpg 300w, https:\/\/retoglobal.eu\/wp-content\/uploads\/2025\/04\/Carteleria-UMA-768x576.jpg 768w, https:\/\/retoglobal.eu\/wp-content\/uploads\/2025\/04\/Carteleria-UMA-1536x1152.jpg 1536w, https:\/\/retoglobal.eu\/wp-content\/uploads\/2025\/04\/Carteleria-UMA-2048x1536.jpg 2048w, https:\/\/retoglobal.eu\/wp-content\/uploads\/2025\/04\/Carteleria-UMA-400x300.jpg 400w\" sizes=\"auto, (max-width: 1024px) 100vw, 1024px\" \/><\/figure>\n\n\n\n<figure class=\"wp-block-image size-large\"><img loading=\"lazy\" decoding=\"async\" width=\"1024\" height=\"768\" src=\"https:\/\/retoglobal.eu\/wp-content\/uploads\/2025\/04\/Ejemplo-UMA-1024x768.jpg\" alt=\"\" class=\"wp-image-831\" srcset=\"https:\/\/retoglobal.eu\/wp-content\/uploads\/2025\/04\/Ejemplo-UMA-1024x768.jpg 1024w, https:\/\/retoglobal.eu\/wp-content\/uploads\/2025\/04\/Ejemplo-UMA-300x225.jpg 300w, https:\/\/retoglobal.eu\/wp-content\/uploads\/2025\/04\/Ejemplo-UMA-768x576.jpg 768w, https:\/\/retoglobal.eu\/wp-content\/uploads\/2025\/04\/Ejemplo-UMA-1536x1152.jpg 1536w, https:\/\/retoglobal.eu\/wp-content\/uploads\/2025\/04\/Ejemplo-UMA-2048x1536.jpg 2048w, https:\/\/retoglobal.eu\/wp-content\/uploads\/2025\/04\/Ejemplo-UMA-400x300.jpg 400w\" sizes=\"auto, (max-width: 1024px) 100vw, 1024px\" \/><\/figure>\n\n\n\n<p>Algunas referencias,&nbsp;<\/p>\n\n\n\n<figure class=\"wp-block-embed is-type-video is-provider-youtube wp-block-embed-youtube wp-embed-aspect-16-9 wp-has-aspect-ratio\"><div class=\"wp-block-embed__wrapper\">\n<iframe loading=\"lazy\" title=\"UVILISCO: la novedosa herramienta para saber el \u00edndice de radiaci\u00f3n UV\" width=\"777\" height=\"437\" src=\"https:\/\/www.youtube.com\/embed\/1MnHkr2DpU0?feature=oembed\" frameborder=\"0\" allow=\"accelerometer; autoplay; clipboard-write; encrypted-media; gyroscope; picture-in-picture; web-share\" referrerpolicy=\"strict-origin-when-cross-origin\" allowfullscreen><\/iframe>\n<\/div><\/figure>\n\n\n\n<p><a href=\"https:\/\/www.uma.es\/sala-de-prensa\/noticias\/uvi-lisco-un-proyecto-de-la-uma-para-saber-cuando-usar-fotoproteccion-en-funcion-de-la-somb\">Nota de la UMA sobre UVI-Lisco<\/a><\/p>\n\n\n\n<p><\/p>\n","protected":false},"excerpt":{"rendered":"<p>El d\u00eda lunes 21 de abril, hicimos una petici\u00f3n al \u00c1rea de Sostenibilidad Medioambiental y a la Secci\u00f3n de Playas, Servicios Operativos del Ayuntamiento de &hellip;<\/p>\n","protected":false},"author":1,"featured_media":0,"comment_status":"closed","ping_status":"closed","sticky":false,"template":"","format":"standard","meta":{"footnotes":""},"categories":[1],"tags":[43,48,103],"class_list":["post-828","post","type-post","status-publish","format-standard","hentry","category-blog","tag-consecuencias-cambio-climatico","tag-impacto","tag-salud"],"_links":{"self":[{"href":"https:\/\/retoglobal.eu\/index.php\/wp-json\/wp\/v2\/posts\/828","targetHints":{"allow":["GET"]}}],"collection":[{"href":"https:\/\/retoglobal.eu\/index.php\/wp-json\/wp\/v2\/posts"}],"about":[{"href":"https:\/\/retoglobal.eu\/index.php\/wp-json\/wp\/v2\/types\/post"}],"author":[{"embeddable":true,"href":"https:\/\/retoglobal.eu\/index.php\/wp-json\/wp\/v2\/users\/1"}],"replies":[{"embeddable":true,"href":"https:\/\/retoglobal.eu\/index.php\/wp-json\/wp\/v2\/comments?post=828"}],"version-history":[{"count":3,"href":"https:\/\/retoglobal.eu\/index.php\/wp-json\/wp\/v2\/posts\/828\/revisions"}],"predecessor-version":[{"id":867,"href":"https:\/\/retoglobal.eu\/index.php\/wp-json\/wp\/v2\/posts\/828\/revisions\/867"}],"wp:attachment":[{"href":"https:\/\/retoglobal.eu\/index.php\/wp-json\/wp\/v2\/media?parent=828"}],"wp:term":[{"taxonomy":"category","embeddable":true,"href":"https:\/\/retoglobal.eu\/index.php\/wp-json\/wp\/v2\/categories?post=828"},{"taxonomy":"post_tag","embeddable":true,"href":"https:\/\/retoglobal.eu\/index.php\/wp-json\/wp\/v2\/tags?post=828"}],"curies":[{"name":"wp","href":"https:\/\/api.w.org\/{rel}","templated":true}]}}