{"id":822,"date":"2025-04-09T12:17:12","date_gmt":"2025-04-09T10:17:12","guid":{"rendered":"https:\/\/retoglobal.eu\/?p=822"},"modified":"2025-06-24T11:43:07","modified_gmt":"2025-06-24T09:43:07","slug":"estuvimos-presentes-en-el-foro-malaga-limpia","status":"publish","type":"post","link":"https:\/\/retoglobal.eu\/index.php\/2025\/04\/09\/estuvimos-presentes-en-el-foro-malaga-limpia\/","title":{"rendered":"Estuvimos presentes en el Foro \u00abM\u00e1laga Limpia\u00bb"},"content":{"rendered":"\n<p>Aceptamos la invitaci\u00f3n y estuvimos presentes en el \u00abEl Foro M\u00e1laga Limpia\u00bb organizado por Diario Sur.<\/p>\n\n\n\n<p>En la primera mesa &#8216;El papel de las administraciones p\u00fablicas: un compromiso global&#8217;, intervinieron Francisco de la Torre, alcalde de M\u00e1laga; Francisco Salado, presidente de la Diputaci\u00f3n de M\u00e1laga; y Manuel Carde\u00f1a, presidente de la Mancomunidad de Municipios de la Costa del Sol Occidental.<\/p>\n\n\n\n<figure class=\"wp-block-image size-large\"><img loading=\"lazy\" decoding=\"async\" width=\"1024\" height=\"768\" src=\"https:\/\/retoglobal.eu\/wp-content\/uploads\/2025\/04\/IMG_20250409_093949-1024x768.jpg\" alt=\"\" class=\"wp-image-824\" srcset=\"https:\/\/retoglobal.eu\/wp-content\/uploads\/2025\/04\/IMG_20250409_093949-1024x768.jpg 1024w, https:\/\/retoglobal.eu\/wp-content\/uploads\/2025\/04\/IMG_20250409_093949-300x225.jpg 300w, https:\/\/retoglobal.eu\/wp-content\/uploads\/2025\/04\/IMG_20250409_093949-768x576.jpg 768w, https:\/\/retoglobal.eu\/wp-content\/uploads\/2025\/04\/IMG_20250409_093949-1536x1152.jpg 1536w, https:\/\/retoglobal.eu\/wp-content\/uploads\/2025\/04\/IMG_20250409_093949-2048x1536.jpg 2048w, https:\/\/retoglobal.eu\/wp-content\/uploads\/2025\/04\/IMG_20250409_093949-400x300.jpg 400w\" sizes=\"auto, (max-width: 1024px) 100vw, 1024px\" \/><figcaption class=\"wp-element-caption\">Primera mesa.<\/figcaption><\/figure>\n\n\n\n<p>La segunda mesa &#8216;Gesti\u00f3n operativa de residuos: eficiencia e innovaci\u00f3n&#8217; participaron <a><\/a>Ra\u00fal Garc\u00eda Paine, director gerente de Limpieza de M\u00e1laga SAM; C\u00e9sar L\u00f3pez Ansorena, director del Consorcio Provincial de Residuos S\u00f3lidos Urbanos y Marco A. Navarro, t\u00e9cnico de RSU y Medio Ambiente de la Mancomunidad Costa del Sol Occidental.<\/p>\n\n\n\n<figure class=\"wp-block-image size-large\"><img loading=\"lazy\" decoding=\"async\" width=\"1024\" height=\"768\" src=\"https:\/\/retoglobal.eu\/wp-content\/uploads\/2025\/04\/IMG_20250409_102641-1024x768.jpg\" alt=\"\" class=\"wp-image-825\" srcset=\"https:\/\/retoglobal.eu\/wp-content\/uploads\/2025\/04\/IMG_20250409_102641-1024x768.jpg 1024w, https:\/\/retoglobal.eu\/wp-content\/uploads\/2025\/04\/IMG_20250409_102641-300x225.jpg 300w, https:\/\/retoglobal.eu\/wp-content\/uploads\/2025\/04\/IMG_20250409_102641-768x576.jpg 768w, https:\/\/retoglobal.eu\/wp-content\/uploads\/2025\/04\/IMG_20250409_102641-1536x1152.jpg 1536w, https:\/\/retoglobal.eu\/wp-content\/uploads\/2025\/04\/IMG_20250409_102641-2048x1536.jpg 2048w, https:\/\/retoglobal.eu\/wp-content\/uploads\/2025\/04\/IMG_20250409_102641-400x300.jpg 400w\" sizes=\"auto, (max-width: 1024px) 100vw, 1024px\" \/><figcaption class=\"wp-element-caption\">Segunda mesa.<\/figcaption><\/figure>\n\n\n\n<p><a href=\"https:\/\/www.diariosur.es\/malaga\/foro-malaga-limpia-analiza-gestion-residuos-ante-20250409111848-vi.html\">Diario Sur, M\u00e1laga Limpia<\/a><\/p>\n","protected":false},"excerpt":{"rendered":"<p>Aceptamos la invitaci\u00f3n y estuvimos presentes en el \u00abEl Foro M\u00e1laga Limpia\u00bb organizado por Diario Sur. En la primera mesa &#8216;El papel de las administraciones &hellip;<\/p>\n","protected":false},"author":1,"featured_media":823,"comment_status":"closed","ping_status":"closed","sticky":false,"template":"","format":"standard","meta":{"footnotes":""},"categories":[1],"tags":[],"class_list":["post-822","post","type-post","status-publish","format-standard","has-post-thumbnail","hentry","category-blog"],"_links":{"self":[{"href":"https:\/\/retoglobal.eu\/index.php\/wp-json\/wp\/v2\/posts\/822","targetHints":{"allow":["GET"]}}],"collection":[{"href":"https:\/\/retoglobal.eu\/index.php\/wp-json\/wp\/v2\/posts"}],"about":[{"href":"https:\/\/retoglobal.eu\/index.php\/wp-json\/wp\/v2\/types\/post"}],"author":[{"embeddable":true,"href":"https:\/\/retoglobal.eu\/index.php\/wp-json\/wp\/v2\/users\/1"}],"replies":[{"embeddable":true,"href":"https:\/\/retoglobal.eu\/index.php\/wp-json\/wp\/v2\/comments?post=822"}],"version-history":[{"count":2,"href":"https:\/\/retoglobal.eu\/index.php\/wp-json\/wp\/v2\/posts\/822\/revisions"}],"predecessor-version":[{"id":827,"href":"https:\/\/retoglobal.eu\/index.php\/wp-json\/wp\/v2\/posts\/822\/revisions\/827"}],"wp:featuredmedia":[{"embeddable":true,"href":"https:\/\/retoglobal.eu\/index.php\/wp-json\/wp\/v2\/media\/823"}],"wp:attachment":[{"href":"https:\/\/retoglobal.eu\/index.php\/wp-json\/wp\/v2\/media?parent=822"}],"wp:term":[{"taxonomy":"category","embeddable":true,"href":"https:\/\/retoglobal.eu\/index.php\/wp-json\/wp\/v2\/categories?post=822"},{"taxonomy":"post_tag","embeddable":true,"href":"https:\/\/retoglobal.eu\/index.php\/wp-json\/wp\/v2\/tags?post=822"}],"curies":[{"name":"wp","href":"https:\/\/api.w.org\/{rel}","templated":true}]}}