{"id":816,"date":"2025-04-03T18:51:52","date_gmt":"2025-04-03T16:51:52","guid":{"rendered":"https:\/\/retoglobal.eu\/?p=816"},"modified":"2025-06-24T11:43:42","modified_gmt":"2025-06-24T09:43:42","slug":"cierre-del-proyecto-la-ruta-del-clima","status":"publish","type":"post","link":"https:\/\/retoglobal.eu\/index.php\/2025\/04\/03\/cierre-del-proyecto-la-ruta-del-clima\/","title":{"rendered":"Cierre del Proyecto La Ruta del Clima."},"content":{"rendered":"\n<p>Jornada de cierre del proyecto La Ruta del Clima<br>El pr\u00f3ximo 10 de abril, en colaboraci\u00f3n con la Universidad de M\u00e1laga, celebraremos la jornada de cierre del proyecto \u00abLa Ruta del Clima: una herramienta para la acci\u00f3n clim\u00e1tica, la educaci\u00f3n ambiental, el turismo responsable y la cooperaci\u00f3n\u00bb, financiado por el Programa Experiencias Turismo Espa\u00f1a del Ministerio de Turismo a trav\u00e9s del Plan de Recuperaci\u00f3n, Transformaci\u00f3n y Resiliencia.<\/p>\n\n\n\n<figure class=\"wp-block-image size-large\"><img loading=\"lazy\" decoding=\"async\" width=\"724\" height=\"1024\" src=\"https:\/\/retoglobal.eu\/wp-content\/uploads\/2025\/04\/Cartel-Jornada-Final-Ruta-724x1024.png\" alt=\"\" class=\"wp-image-817\" srcset=\"https:\/\/retoglobal.eu\/wp-content\/uploads\/2025\/04\/Cartel-Jornada-Final-Ruta-724x1024.png 724w, https:\/\/retoglobal.eu\/wp-content\/uploads\/2025\/04\/Cartel-Jornada-Final-Ruta-212x300.png 212w, https:\/\/retoglobal.eu\/wp-content\/uploads\/2025\/04\/Cartel-Jornada-Final-Ruta-768x1086.png 768w, https:\/\/retoglobal.eu\/wp-content\/uploads\/2025\/04\/Cartel-Jornada-Final-Ruta-1086x1536.png 1086w, https:\/\/retoglobal.eu\/wp-content\/uploads\/2025\/04\/Cartel-Jornada-Final-Ruta.png 1414w\" sizes=\"auto, (max-width: 724px) 100vw, 724px\" \/><\/figure>\n\n\n\n<p><br><br>Durante la jornada, presentaremos las herramientas y resultados del proyecto, y adem\u00e1s, contaremos con una mesa redonda donde expertas y expertos hablar\u00e1n sobre sostenibilidad y turismo.<br><br>Al finalizar la jornada, podremos disfrutar de un tapeo para seguir hablando y creando sinergias.<br><br>Inscripciones\u00a0<a href=\"https:\/\/docs.google.com\/forms\/d\/e\/1FAIpQLSfwOT8KSDXUII8wCCtk42UIltjzPcfFwQA3FNP7kBPgOBiL9w\/viewform\">aqu\u00ed<\/a>\u00a0\u00a1Os esperamos!<br><br>Cu\u00e1ndo: 10 de abril a las 10h<br>D\u00f3nde: Facultad de Turismo de la UMA<br>M\u00e1s informaci\u00f3n y agenda de la jornada en <a href=\"http:\/\/www.rutadelclima.es\/\">www.rutadelclima.es<\/a><\/p>\n\n\n\n<figure class=\"wp-block-image size-full\"><img loading=\"lazy\" decoding=\"async\" width=\"522\" height=\"738\" src=\"https:\/\/retoglobal.eu\/wp-content\/uploads\/2025\/04\/0.png\" alt=\"\" class=\"wp-image-818\" srcset=\"https:\/\/retoglobal.eu\/wp-content\/uploads\/2025\/04\/0.png 522w, https:\/\/retoglobal.eu\/wp-content\/uploads\/2025\/04\/0-212x300.png 212w\" sizes=\"auto, (max-width: 522px) 100vw, 522px\" \/><\/figure>\n","protected":false},"excerpt":{"rendered":"<p>Jornada de cierre del proyecto La Ruta del ClimaEl pr\u00f3ximo 10 de abril, en colaboraci\u00f3n con la Universidad de M\u00e1laga, celebraremos la jornada de cierre &hellip;<\/p>\n","protected":false},"author":1,"featured_media":0,"comment_status":"closed","ping_status":"closed","sticky":false,"template":"","format":"standard","meta":{"footnotes":""},"categories":[1],"tags":[],"class_list":["post-816","post","type-post","status-publish","format-standard","hentry","category-blog"],"_links":{"self":[{"href":"https:\/\/retoglobal.eu\/index.php\/wp-json\/wp\/v2\/posts\/816","targetHints":{"allow":["GET"]}}],"collection":[{"href":"https:\/\/retoglobal.eu\/index.php\/wp-json\/wp\/v2\/posts"}],"about":[{"href":"https:\/\/retoglobal.eu\/index.php\/wp-json\/wp\/v2\/types\/post"}],"author":[{"embeddable":true,"href":"https:\/\/retoglobal.eu\/index.php\/wp-json\/wp\/v2\/users\/1"}],"replies":[{"embeddable":true,"href":"https:\/\/retoglobal.eu\/index.php\/wp-json\/wp\/v2\/comments?post=816"}],"version-history":[{"count":1,"href":"https:\/\/retoglobal.eu\/index.php\/wp-json\/wp\/v2\/posts\/816\/revisions"}],"predecessor-version":[{"id":819,"href":"https:\/\/retoglobal.eu\/index.php\/wp-json\/wp\/v2\/posts\/816\/revisions\/819"}],"wp:attachment":[{"href":"https:\/\/retoglobal.eu\/index.php\/wp-json\/wp\/v2\/media?parent=816"}],"wp:term":[{"taxonomy":"category","embeddable":true,"href":"https:\/\/retoglobal.eu\/index.php\/wp-json\/wp\/v2\/categories?post=816"},{"taxonomy":"post_tag","embeddable":true,"href":"https:\/\/retoglobal.eu\/index.php\/wp-json\/wp\/v2\/tags?post=816"}],"curies":[{"name":"wp","href":"https:\/\/api.w.org\/{rel}","templated":true}]}}