{"id":779,"date":"2025-03-25T13:20:14","date_gmt":"2025-03-25T12:20:14","guid":{"rendered":"https:\/\/retoglobal.eu\/?p=779"},"modified":"2025-06-24T11:44:30","modified_gmt":"2025-06-24T09:44:30","slug":"dia-mundial-del-agua","status":"publish","type":"post","link":"https:\/\/retoglobal.eu\/index.php\/2025\/03\/25\/dia-mundial-del-agua\/","title":{"rendered":"D\u00eda Mundial del Agua."},"content":{"rendered":"\n<h2 class=\"wp-block-heading\">El pasado jueves 20 de marzo se vivi\u00f3 en M\u00e1laga una jornada inspiradora y llena de compromiso en conmemoraci\u00f3n del <strong>D\u00eda Mundial del Agua<\/strong>. <\/h2>\n\n\n\n<p>El encuentro, celebrado en La Nave (Calle Cerrajeros 9) a las 19:30h, reuni\u00f3 a diversos colectivos y organizaciones entre las que se encontraban <a href=\"https:\/\/greenwire.greenpeace.es\/group\/greenpeace-malaga-0\/about\">Greenpeace<\/a>, <a href=\"https:\/\/www.ecologistasenaccion.org\/federaciones\/andalucia\/malaga\/malaga-ciudad\/\">Ecologistas en Acci\u00f3n<\/a>, <a href=\"https:\/\/www.wwf.es\/participa\/grupos_locales_de_wwf\/grupo_malaga\/\">WWF<\/a>, nuestra <a href=\"https:\/\/retoglobal.eu\/\">Asociaci\u00f3n retoglobal.eu<\/a>, <a href=\"https:\/\/blogsostenible.wordpress.com\/\">Blog Sostenible<\/a>, <a href=\"https:\/\/hubdesostenibilidad.org\/\">Hub de la Sostenibilidad<\/a>, <a href=\"https:\/\/blogs.es.amnesty.org\/andalucia\/tag\/malaga\/\">Amnist\u00eda Internacional<\/a>, <a href=\"https:\/\/actionnetwork.org\/groups\/350malaga\">Red M\u00e1laga por el Clima<\/a>, <a href=\"https:\/\/juventudxclima.es\/\">Friday for Future<\/a>, <a href=\"https:\/\/seo.org\/event-organizer\/grupo-local-seo-malaga\/\">SEO Bird Life<\/a>, <a href=\"https:\/\/bosqueurbanomalaga.org\/\">Bosque Urbano M\u00e1laga<\/a>, <a href=\"https:\/\/www.turismo-sostenible.org\/\">Asociaci\u00f3n Almijara<\/a>, entre otros; junto con expertos como Pedro Guerrero Serrano; en una serie de actividades que incluyeron coloquios, debates, fotograf\u00edas y documentales.<\/p>\n\n\n\n<figure class=\"wp-block-image size-large\"><img loading=\"lazy\" decoding=\"async\" width=\"819\" height=\"1024\" src=\"https:\/\/retoglobal.eu\/wp-content\/uploads\/2025\/03\/IMG-20250312-WA0003-819x1024.jpg\" alt=\"\" class=\"wp-image-781\" srcset=\"https:\/\/retoglobal.eu\/wp-content\/uploads\/2025\/03\/IMG-20250312-WA0003-819x1024.jpg 819w, https:\/\/retoglobal.eu\/wp-content\/uploads\/2025\/03\/IMG-20250312-WA0003-240x300.jpg 240w, https:\/\/retoglobal.eu\/wp-content\/uploads\/2025\/03\/IMG-20250312-WA0003-768x960.jpg 768w, https:\/\/retoglobal.eu\/wp-content\/uploads\/2025\/03\/IMG-20250312-WA0003.jpg 1080w\" sizes=\"auto, (max-width: 819px) 100vw, 819px\" \/><\/figure>\n\n\n\n<p>Este acto, enmarcado en la reflexi\u00f3n sobre el uso y gesti\u00f3n responsable de un recurso vital, permiti\u00f3 evidenciar la urgente necesidad de repensar la manera en que consumimos y protegemos el agua en general y en M\u00e1laga en particular. Con casi 2,200 millones de personas en el mundo sin acceso directo a agua potable, el evento se erigi\u00f3 como un espacio para denunciar el uso indiscriminado e irresponsable del agua, especialmente desde sectores como la agricultura, ganader\u00eda intensiva, turismo e industria, y para visibilizar la importancia de cuidar todos sus componentes: r\u00edos, acu\u00edferos, glaciares, oc\u00e9anos, etc.<\/p>\n\n\n\n<p>Este variado colectivo aport\u00f3 sus perspectivas y experiencias, generando un espacio de di\u00e1logo constructivo que invit\u00f3 a la necesidad urgente de repensar el actual modelo de gesti\u00f3n de los recursos h\u00eddricos. El encuentro no solo fue un llamado a la conciencia ambiental, sino tambi\u00e9n a la urgente necesidad de uni\u00f3n para conseguir el poder y el compromiso colectivo para impulsar cambios reales. La diversidad de perspectivas y la pasi\u00f3n de los participantes demostraron que, juntos, podemos transformar el modelo de gesti\u00f3n de los recursos h\u00eddricos, protegiendo este bien indispensable y garantizando un futuro sostenible para todos.<\/p>\n\n\n\n<figure class=\"wp-block-image size-large\"><img loading=\"lazy\" decoding=\"async\" width=\"1024\" height=\"768\" src=\"https:\/\/retoglobal.eu\/wp-content\/uploads\/2025\/03\/IMG_20250320_213647-1024x768.jpg\" alt=\"\" class=\"wp-image-784\" srcset=\"https:\/\/retoglobal.eu\/wp-content\/uploads\/2025\/03\/IMG_20250320_213647-1024x768.jpg 1024w, https:\/\/retoglobal.eu\/wp-content\/uploads\/2025\/03\/IMG_20250320_213647-300x225.jpg 300w, https:\/\/retoglobal.eu\/wp-content\/uploads\/2025\/03\/IMG_20250320_213647-768x576.jpg 768w, https:\/\/retoglobal.eu\/wp-content\/uploads\/2025\/03\/IMG_20250320_213647-1536x1152.jpg 1536w, https:\/\/retoglobal.eu\/wp-content\/uploads\/2025\/03\/IMG_20250320_213647-2048x1536.jpg 2048w, https:\/\/retoglobal.eu\/wp-content\/uploads\/2025\/03\/IMG_20250320_213647-400x300.jpg 400w\" sizes=\"auto, (max-width: 1024px) 100vw, 1024px\" \/><figcaption class=\"wp-element-caption\">sdr<\/figcaption><\/figure>\n\n\n\n<p>Esta celebraci\u00f3n del D\u00eda Mundial del Agua se queda como un ejemplo positivo de acci\u00f3n y reflexi\u00f3n, invit\u00e1ndonos a continuar trabajando en la protecci\u00f3n de nuestro planeta y comprometi\u00e9ndonos con un uso responsable del agua. <\/p>\n\n\n\n<blockquote class=\"wp-block-quote is-layout-flow wp-block-quote-is-layout-flow\">\n<p class=\"has-text-align-center\"><em>Estamos en un tiempo donde los poderes econ\u00f3micos deciden territorios de sacrificio sin contar con sus habitantes, donde pasamos de la libertad de expresi\u00f3n a la libertad de opresi\u00f3n, donde la legalidad no es para nada sin\u00f3nimo de moralidad, donde reside la obsesi\u00f3n del beneficio por sobre todo y con un creciente dominio del dinero sobre la planificaci\u00f3n urbana y que incrementa la desigualdad social  y con una cada vez mayor hipoteca ecol\u00f3gica transgeneracional. Por eso, este tipo de encuentros  generan esa actitud que nos hace capaces, el recordar que solo pierden su voz aquellos que se resignan a estar callados. \u00a1El futuro es de quienes se unen por el bienestar com\u00fan! y nosotras estamos dispuestas.<\/em><\/p>\n<\/blockquote>\n\n\n\n<p><\/p>\n","protected":false},"excerpt":{"rendered":"<p>El pasado jueves 20 de marzo se vivi\u00f3 en M\u00e1laga una jornada inspiradora y llena de compromiso en conmemoraci\u00f3n del D\u00eda Mundial del Agua. El &hellip;<\/p>\n","protected":false},"author":1,"featured_media":780,"comment_status":"closed","ping_status":"closed","sticky":false,"template":"","format":"standard","meta":{"footnotes":""},"categories":[1],"tags":[96,101,102,100,44,97,99,48,45,34,98],"class_list":["post-779","post","type-post","status-publish","format-standard","has-post-thumbnail","hentry","category-blog","tag-agua","tag-amnistia-internacional","tag-asociacion-almijara","tag-blog-sostenibilidad","tag-cambio-climatico","tag-greenpeace","tag-hub-sostenibilidad","tag-impacto","tag-sequia","tag-sostenibilidad","tag-wwf"],"_links":{"self":[{"href":"https:\/\/retoglobal.eu\/index.php\/wp-json\/wp\/v2\/posts\/779","targetHints":{"allow":["GET"]}}],"collection":[{"href":"https:\/\/retoglobal.eu\/index.php\/wp-json\/wp\/v2\/posts"}],"about":[{"href":"https:\/\/retoglobal.eu\/index.php\/wp-json\/wp\/v2\/types\/post"}],"author":[{"embeddable":true,"href":"https:\/\/retoglobal.eu\/index.php\/wp-json\/wp\/v2\/users\/1"}],"replies":[{"embeddable":true,"href":"https:\/\/retoglobal.eu\/index.php\/wp-json\/wp\/v2\/comments?post=779"}],"version-history":[{"count":2,"href":"https:\/\/retoglobal.eu\/index.php\/wp-json\/wp\/v2\/posts\/779\/revisions"}],"predecessor-version":[{"id":785,"href":"https:\/\/retoglobal.eu\/index.php\/wp-json\/wp\/v2\/posts\/779\/revisions\/785"}],"wp:featuredmedia":[{"embeddable":true,"href":"https:\/\/retoglobal.eu\/index.php\/wp-json\/wp\/v2\/media\/780"}],"wp:attachment":[{"href":"https:\/\/retoglobal.eu\/index.php\/wp-json\/wp\/v2\/media?parent=779"}],"wp:term":[{"taxonomy":"category","embeddable":true,"href":"https:\/\/retoglobal.eu\/index.php\/wp-json\/wp\/v2\/categories?post=779"},{"taxonomy":"post_tag","embeddable":true,"href":"https:\/\/retoglobal.eu\/index.php\/wp-json\/wp\/v2\/tags?post=779"}],"curies":[{"name":"wp","href":"https:\/\/api.w.org\/{rel}","templated":true}]}}