{"id":716,"date":"2025-03-03T17:15:12","date_gmt":"2025-03-03T16:15:12","guid":{"rendered":"https:\/\/retoglobal.eu\/?p=716"},"modified":"2025-06-24T11:46:47","modified_gmt":"2025-06-24T09:46:47","slug":"estuvimos-presentes-en-el-iii-aquaforum-2025","status":"publish","type":"post","link":"https:\/\/retoglobal.eu\/index.php\/2025\/03\/03\/estuvimos-presentes-en-el-iii-aquaforum-2025\/","title":{"rendered":"Estuvimos presentes en el III Aquaforum 2025"},"content":{"rendered":"\n<h3 class=\"wp-block-heading\">El pasado mi\u00e9rcoles 26 de febrero se llev\u00f3 a cabo la tercera edici\u00f3n de Aquaforum organizada por La Opini\u00f3n de M\u00e1laga y Prensa Ib\u00e9rica, a la que fuimos invitados.<\/h3>\n\n\n\n<p>Cont\u00f3 con la fant\u00e1stica presentaci\u00f3n y moderaci\u00f3n de Ana Monta\u00f1ez y comenz\u00f3 con las palabras de apertura de Jos\u00e9 Ram\u00f3n Mendaza, director de La Opini\u00f3n de M\u00e1laga; continuo con Ramiro Angulo S\u00e1nchez, Secretario General de Agua de la Junta de Andaluc\u00eda y luego con las de Fernando Fern\u00e1ndez Tapia Ruano, Delegado territorial de Agricultura, Pesca, Agua y Desarrollo Rural.<\/p>\n\n\n\n<p>Aqu\u00ed lleg\u00f3 la primera mesa conformada por Luis Rodriguez del Pozo, Presidente del Consorcio para la Gesti\u00f3n del Agua de la Diputaci\u00f3n de M\u00e1laga;  Manuel Cerde\u00f1a, Presidente de la Mancomunidad de la Costa del Sol Occidental y Acosol; Jorge Mart\u00edn, Presidente de Axaragua; V\u00edctor Luque Navas, CEO de Trops y Joaqu\u00edn Villanova, Alcalde de Alhaur\u00edn de la Torre.<\/p>\n\n\n\n<p>Luego tuvo lugar la segunda mesa conformada por Juan Jos\u00e9 Denis Corrales, Director Gerente de EMASA; Francisco Losada Donaire, Director de Ingenier\u00eda Ingeagua; Beatriz Gutierrez Pastor, Gerente de Resvi, Matilde Mancha, Consejero Delegada de Acosol y Fulgencio D\u00edaz, Director Ejecutivo de Hidralia.<\/p>\n\n\n\n<p>Como se puede observar, estuvieron presentes las instituciones, las empresas de agua que proveen a las poblaciones de la provincia, un alcalde y el CEO de una empresa de comercializaci\u00f3n de productos tropicales; como siempre falta la sociedad civil representada por asociaciones, ong u otra forma de participaci\u00f3n direct de la ciudadan\u00eda.<\/p>\n\n\n\n<figure class=\"wp-block-image size-large\"><img loading=\"lazy\" decoding=\"async\" width=\"1024\" height=\"682\" src=\"https:\/\/retoglobal.eu\/wp-content\/uploads\/2025\/03\/Aquaforum-25-1024x682.jpg\" alt=\"Imagen publicada por La Opini\u00f3n de M\u00e1laga, a quien le agradecemos.\" class=\"wp-image-718\" srcset=\"https:\/\/retoglobal.eu\/wp-content\/uploads\/2025\/03\/Aquaforum-25-1024x682.jpg 1024w, https:\/\/retoglobal.eu\/wp-content\/uploads\/2025\/03\/Aquaforum-25-300x200.jpg 300w, https:\/\/retoglobal.eu\/wp-content\/uploads\/2025\/03\/Aquaforum-25-768x512.jpg 768w, https:\/\/retoglobal.eu\/wp-content\/uploads\/2025\/03\/Aquaforum-25-1536x1024.jpg 1536w, https:\/\/retoglobal.eu\/wp-content\/uploads\/2025\/03\/Aquaforum-25-431x287.jpg 431w, https:\/\/retoglobal.eu\/wp-content\/uploads\/2025\/03\/Aquaforum-25.jpg 2000w\" sizes=\"auto, (max-width: 1024px) 100vw, 1024px\" \/><\/figure>\n\n\n\n<p>Aqu\u00ed puedes encontrar las notas publicadas del encuentro,<\/p>\n\n\n\n<p><a href=\"https:\/\/www.laopiniondemalaga.es\/malaga\/2025\/02\/26\/costa-sol-busca-ubicacion-segunda-malaga-114703522.html?utm_source=whatsapp&amp;utm_medium=social&amp;utm_campaign=btn-share\">https:\/\/www.laopiniondemalaga.es\/malaga\/2025\/02\/26\/costa-sol-busca-ubicacion-segunda-malaga-114703522.html?utm_source=whatsapp&amp;utm_medium=social&amp;utm_campaign=btn-share<\/a><\/p>\n\n\n\n<p>En general la ma\u00f1ana pas\u00f3 por buenas palabras sobre los <strong>\u00a8avances\u00a8<\/strong> en materia de provisi\u00f3n de agua de cara al futuro, los trabajos que se est\u00e1n realizando y las inversiones de las instituciones en este sentido. Tambi\u00e9n sobre los avances t\u00e9cnicos y tecnol\u00f3gicos de las empresas y los trabajos previstos a corto y mediano plazo, siempre realzando la <strong>\u00abbuena predisposici\u00f3n\u00bb<\/strong> de las instituciones.<\/p>\n\n\n\n<p>Tambi\u00e9n hubieron algunas <strong>\u00abperlitas\u00bb<\/strong> como que <em><strong>\u00abel cultivo de aguacate es sostenible\u00bb<\/strong><\/em>, que se a\u00f1ora a Marruecos por <strong><em>\u00abla rapidez de los tr\u00e1mites y la menor exigencia medioambiental<\/em><\/strong>\u00bb y que <strong><em>\u00abestamos en un estado de derecho demasiado garantista\u00bb<\/em><\/strong> haciendo referencia a lo que se demoran los tr\u00e1mites de expropiaci\u00f3n, los requisitos medioambientales y por las movilizaciones ciudadanas.<\/p>\n\n\n\n<p><a href=\"https:\/\/www.laopiniondemalaga.es\/economia\/empresas-malaga\/2025\/03\/02\/abastecimiento-humano-prioridad-114762544.html\">https:\/\/www.laopiniondemalaga.es\/economia\/empresas-malaga\/2025\/03\/02\/abastecimiento-humano-prioridad-114762544.html<\/a><\/p>\n\n\n\n<p class=\"has-text-align-center\">De nuestra parte queremos <strong>felicitar a La Opini\u00f3n de M\u00e1laga<\/strong> por realizar este tipo de encuentro, donde podemos tener una buena imagen de como se encuentra la situaci\u00f3n de la disponibilidad del agua en nuestra comunidad, el rumbo trazado y esperemos transitado por las instituciones, las prioridades que se le dar\u00e1n a las reservas y <em><strong>el pensamiento de la instituciones y empresas sobre la importancia de preservar el medio ambiente o que vivimos en la obsesi\u00f3n del beneficio incluso por encima del cuidado del medio ambiente y en ocasiones sin tener en cuenta la justicia social<\/strong><\/em>.<\/p>\n","protected":false},"excerpt":{"rendered":"<p>El pasado mi\u00e9rcoles 26 de febrero se llev\u00f3 a cabo la tercera edici\u00f3n de Aquaforum organizada por La Opini\u00f3n de M\u00e1laga y Prensa Ib\u00e9rica, a &hellip;<\/p>\n","protected":false},"author":1,"featured_media":0,"comment_status":"closed","ping_status":"closed","sticky":false,"template":"","format":"standard","meta":{"footnotes":""},"categories":[1,59],"tags":[44,43,45],"class_list":["post-716","post","type-post","status-publish","format-standard","hentry","category-blog","category-eventos","tag-cambio-climatico","tag-consecuencias-cambio-climatico","tag-sequia"],"_links":{"self":[{"href":"https:\/\/retoglobal.eu\/index.php\/wp-json\/wp\/v2\/posts\/716","targetHints":{"allow":["GET"]}}],"collection":[{"href":"https:\/\/retoglobal.eu\/index.php\/wp-json\/wp\/v2\/posts"}],"about":[{"href":"https:\/\/retoglobal.eu\/index.php\/wp-json\/wp\/v2\/types\/post"}],"author":[{"embeddable":true,"href":"https:\/\/retoglobal.eu\/index.php\/wp-json\/wp\/v2\/users\/1"}],"replies":[{"embeddable":true,"href":"https:\/\/retoglobal.eu\/index.php\/wp-json\/wp\/v2\/comments?post=716"}],"version-history":[{"count":3,"href":"https:\/\/retoglobal.eu\/index.php\/wp-json\/wp\/v2\/posts\/716\/revisions"}],"predecessor-version":[{"id":720,"href":"https:\/\/retoglobal.eu\/index.php\/wp-json\/wp\/v2\/posts\/716\/revisions\/720"}],"wp:attachment":[{"href":"https:\/\/retoglobal.eu\/index.php\/wp-json\/wp\/v2\/media?parent=716"}],"wp:term":[{"taxonomy":"category","embeddable":true,"href":"https:\/\/retoglobal.eu\/index.php\/wp-json\/wp\/v2\/categories?post=716"},{"taxonomy":"post_tag","embeddable":true,"href":"https:\/\/retoglobal.eu\/index.php\/wp-json\/wp\/v2\/tags?post=716"}],"curies":[{"name":"wp","href":"https:\/\/api.w.org\/{rel}","templated":true}]}}