{"id":703,"date":"2024-12-10T12:25:56","date_gmt":"2024-12-10T11:25:56","guid":{"rendered":"https:\/\/retoglobal.eu\/?p=703"},"modified":"2025-06-24T11:47:38","modified_gmt":"2025-06-24T09:47:38","slug":"nuestra-participacion-en-conama-2024","status":"publish","type":"post","link":"https:\/\/retoglobal.eu\/index.php\/2024\/12\/10\/nuestra-participacion-en-conama-2024\/","title":{"rendered":"Nuestra participaci\u00f3n en CONAMA 2024"},"content":{"rendered":"\n<h2 class=\"wp-block-heading\">El jueves 5 de diciembre estuvimos presentes en el Congreso Nacional de Medio Ambiente, <a href=\"https:\/\/www.conama.org\/2024\/\">CONAMA 2024<\/a>.<\/h2>\n\n\n\n<p>Participamos en la mesa <strong>Acci\u00f3n local, participaci\u00f3n ciudadana y transici\u00f3n justa. Proyectos e iniciativas de acci\u00f3n y justicia\u00a0clim\u00e1tica<\/strong>, presentada por <a href=\"https:\/\/ecoserveis.net\/es\/team\/nona-galvany\/\">Nona Galvany<\/a> de <a href=\"https:\/\/ecoserveis.net\/\">Ecoserveis<\/a> y organizada por el <a href=\"https:\/\/climate-pact.europa.eu\/about\/about-pact_es\">Pacto Clim\u00e1tico europeo<\/a>. <\/p>\n\n\n\n<p>Junto a la <a href=\"https:\/\/retoglobal.eu\/\">Asociaci\u00f3n retoglobal.eu<\/a> representada por <a href=\"https:\/\/www.linkedin.com\/in\/marcos-marchionno-rebeiro-a3792034?originalSubdomain=es\">Marcos Marchionno<\/a>, estuvieron <a href=\"https:\/\/www.linkedin.com\/in\/leticia-pilar-gil-ramos-04772059\/\">Leticia Pilar Gil Ramos<\/a>, Asesora de formaci\u00f3n, CFIE de Soria; <a href=\"https:\/\/www.linkedin.com\/in\/jesusiglesiassaugar\/\">Jesus Iglesias Saugar<\/a>, Fundador de <a href=\"https:\/\/nbsclimate.com\/\">NBS Climate<\/a>; <a href=\"https:\/\/www.linkedin.com\/in\/jose-antonio-fern%C3%A1ndez-del-moral-5330ab1ba\/\">Jose Antonio Fern\u00e1ndez Del Moral<\/a>, Cofundador de <a href=\"https:\/\/www.okplanet.eu\/\">OkPlanet<\/a> y <a href=\"https:\/\/climathon.climate-kic.org\/\">Climathon<\/a>; <a href=\"https:\/\/www.linkedin.com\/in\/karlazambrano\/\">Karla Zambrano Gonz\u00e1lez<\/a>, doctora en derecho medio ambiental, todo moderado por <a href=\"https:\/\/www.linkedin.com\/search\/results\/all\/?fetchDeterministicClustersOnly=true&amp;heroEntityKey=urn%3Ali%3Afsd_profile%3AACoAAAw17NsBqfMgPIbQE8ksegpqAgDSxfjt9l8&amp;keywords=jose%20segarra%20murria&amp;origin=RICH_QUERY_TYPEAHEAD_HISTORY&amp;position=0&amp;searchId=50d4ec82-fd3e-4d5a-89e7-1076b459a292&amp;sid=%40dZ&amp;spellCorrectionEnabled=true\">Jose Segarra Muria<\/a>, Director de <a href=\"https:\/\/www.lowcarboneconomy.org\/\">Low Carbon Economy<\/a><\/p>\n\n\n\n<p>Todos embajadores europeos del Pacto Clim\u00e1tico, que compartieron sus experiencias y que nos permiti\u00f3 conocer las iniciativas que est\u00e1n llevando a cabo, desde lo global a lo local.<\/p>\n\n\n\n<p>La segunda mesa <strong>Conclusiones y perspectivas tras la COP 29<\/strong>, cont\u00f3 con las embajadoras <a href=\"https:\/\/www.linkedin.com\/in\/elena-lopez-gunn-a9a7528\/\">Elena L\u00f3pez Gunn<\/a>, <a href=\"https:\/\/www.linkedin.com\/in\/c%C3%A9sar-garc%C3%ADa-aranda-8ab68719\/\">C\u00e9sar Garc\u00eda Aranda<\/a>, <a href=\"https:\/\/www.linkedin.com\/in\/anabelencristobal\/\">Ana Bel\u00e9n Crist\u00f3bal L\u00f3pez<\/a>, <a href=\"https:\/\/www.linkedin.com\/in\/tosin-iduh-72750684\/\">Tosin Iduh<\/a>, <a href=\"https:\/\/www.linkedin.com\/in\/miguel-%C3%A1ngel-mu%C3%B1oz-rodr%C3%ADguez-58b26327\/\">Miguel \u00c1ngel Mu\u00f1oz Rodr\u00edguez<\/a> y <a href=\"https:\/\/www.linkedin.com\/in\/paula-ceballos-coloma-a3a05526\/\">Paula Ceballos Coloma<\/a> moderados por <a href=\"https:\/\/www.linkedin.com\/in\/maria-isabel-silva\/\">Isabel Silva<\/a>.<\/p>\n\n\n\n<h2 class=\"wp-block-heading\">Texto de nuestra intervenci\u00f3n,<\/h2>\n\n\n\n<h3 class=\"wp-block-heading\"><strong>C\u00f3mo Actuar ante el Incumplimiento de Leyes Clim\u00e1ticas y Medioambientales por Parte de las Instituciones: Una Perspectiva Global.<\/strong><\/h3>\n\n\n\n<p><strong><u>Reclamar a las instituciones que se cumplan las declaraciones, leyes, normativas, recomendaciones, planes, pactos, proyectos y compromisos, firmados y acordados<\/u><\/strong><strong>.<\/strong><\/p>\n\n\n\n<p>Pongo en contexto a que nos referimos cuando decimos que las instituciones que dictan las Leyes no velan por que se cumplan.<\/p>\n\n\n\n<h3 class=\"wp-block-heading\"><strong><u>Naciones Unidas.<\/u><\/strong><\/h3>\n\n\n\n<ul class=\"wp-block-list\">\n<li><strong>Declaraci\u00f3n Universal de los Derechos Humanos,<\/strong><\/li>\n<\/ul>\n\n\n\n<p>incluido el derecho a un ambiente limpio, saludable y sostenible.<\/p>\n\n\n\n<h3 class=\"wp-block-heading\"><strong><u>Uni\u00f3n Europea.<\/u><\/strong><\/h3>\n\n\n\n<ul class=\"wp-block-list\">\n<li><strong>Art\u00edculos 10 y 11<\/strong>.<\/li>\n\n\n\n<li><strong>Tratado de la UE.<\/strong><\/li>\n\n\n\n<li><strong>Art\u00edculo 3.3<\/strong><\/li>\n<\/ul>\n\n\n\n<p>\u201cObrar\u00e1 en pro del desarrollo sostenible de Europa basado en un crecimiento econ\u00f3mico equilibrado y en la estabilidad de los precios, en una econom\u00eda social de mercado altamente competitiva, tendente al pleno empleo y al progreso social, y en un nivel elevado de protecci\u00f3n y mejora de la calidad del medio ambiente.\u201d<\/p>\n\n\n\n<ul class=\"wp-block-list\">\n<li><strong>Tratado Funcionamiento UE.<\/strong><\/li>\n\n\n\n<li><strong>Art\u00edculo 11<\/strong><\/li>\n<\/ul>\n\n\n\n<p>\u201cLas exigencias de la protecci\u00f3n del medio ambiente deber\u00e1n integrarse en la definici\u00f3n y en la realizaci\u00f3n de las pol\u00edticas y acciones de la Uni\u00f3n, en particular con objeto de fomentar un desarrollo sostenible\u201d<\/p>\n\n\n\n<ul class=\"wp-block-list\">\n<li><strong>T\u00edtulo XX. Medio Ambiente.<\/strong><\/li>\n\n\n\n<li><strong>Art\u00edculo 191.<\/strong><\/li>\n\n\n\n<li>1. La pol\u00edtica de la Uni\u00f3n en el \u00e1mbito del medio ambiente contribuir\u00e1 a alcanzar los siguientes objetivos:<\/li>\n\n\n\n<li>&#8211; la conservaci\u00f3n, la protecci\u00f3n y la mejora de la calidad del medio ambiente,<\/li>\n\n\n\n<li>&#8211; la protecci\u00f3n de la salud de las personas,<\/li>\n\n\n\n<li>&#8211; la utilizaci\u00f3n prudente y racional de los recursos naturales,<\/li>\n\n\n\n<li>&#8211; el fomento de medidas a escala internacional destinadas a hacer frente a los problemas regionales o mundiales del medio ambiente. y en particular a luchar contra el cambio clim\u00e1tico.<\/li>\n\n\n\n<li>2.<strong><u> \u201c<\/u><\/strong><strong><u>y en el principio de quien contamina paga.\u201d<\/u><\/strong>en mi opini\u00f3n un punto nefasto que permite a las grandes corporaciones y poderes econ\u00f3micos a contaminar porque pueden pagar, a realizar un estudio de coste-beneficio y decidir.<\/li>\n\n\n\n<li><strong>Art\u00edculos 192 y 193.<\/strong><\/li>\n\n\n\n<li><strong>Reglamento (UE) 2018\/842 del Parlamento Europeo y del Consejo<\/strong><strong>, de 30\u00a0de mayo de 2018<\/strong>, sobre reducciones anuales vinculantes de las emisiones de gases de efecto invernadero por parte de los Estados miembros entre 2021 y 2030 que contribuyan a la acci\u00f3n por el clima, con objeto de cumplir los compromisos contra\u00eddos en el marco del Acuerdo de Par\u00eds.<\/li>\n\n\n\n<li><strong>Reglamento (UE) 2018\/1999 del Parlamento Europeo y del Consejo,<\/strong><strong> de 11 de diciembre de 2018<\/strong>, sobre la gobernanza de la Uni\u00f3n de la Energ\u00eda y de la Acci\u00f3n por el Clima.<\/li>\n\n\n\n<li><strong>Reglamento (UE) 2021\/1119 del Parlamento Europeo y del Consejo<\/strong><strong> de 30\u00a0de\u00a0junio de 2021 <\/strong>por el que se establece el marco para lograr la neutralidad clim\u00e1tica.<\/li>\n<\/ul>\n\n\n\n<h3 class=\"wp-block-heading\"><strong><u>Espa\u00f1a.<\/u><\/strong><\/h3>\n\n\n\n<h4 class=\"wp-block-heading\"><strong>Constituci\u00f3n espa\u00f1ola.<\/strong><\/h4>\n\n\n\n<p><strong>Art\u00edculo 45.<\/strong><strong><\/strong><\/p>\n\n\n\n<ol class=\"wp-block-list\">\n<li>Todos tienen el derecho a disfrutar de un medio ambiente adecuado para el desarrollo de la persona, as\u00ed como el deber de conservarlo.<\/li>\n\n\n\n<li>\u00a0Los poderes p\u00fablicos velar\u00e1n por la utilizaci\u00f3n racional de todos los recursos naturales, con el fin de proteger y mejorar la calidad de la vida y defender y restaurar el medio ambiente, apoy\u00e1ndose en la indispensable solidaridad colectiva.<\/li>\n\n\n\n<li>\u00a0Para quienes violen lo dispuesto en el apartado anterior, en los t\u00e9rminos que la ley fije se establecer\u00e1n sanciones penales o, en su caso, administrativas, as\u00ed como la obligaci\u00f3n de reparar el da\u00f1o causado.<\/li>\n<\/ol>\n\n\n\n<h4 class=\"wp-block-heading\"><strong><u>Algunas leyes medioambientales en Espa\u00f1a<\/u><\/strong><\/h4>\n\n\n\n<ul class=\"wp-block-list\">\n<li>Ley 21\/2013, de 9 de diciembre, de <strong>Evaluaci\u00f3n ambiental<\/strong>.<\/li>\n\n\n\n<li>Ley 26\/2007, de 23 de octubre, de <strong>Responsabilidad Medioambiental<\/strong>.<\/li>\n\n\n\n<li>Ley 41\/2010, de 29 de diciembre, de <strong>Protecci\u00f3n del medio marino<\/strong>.<\/li>\n\n\n\n<li>Real Decreto Legislativo 1\/2001, de 20 de julio, por el que se aprueba el texto refundido de la <strong>Ley de Aguas<\/strong>.<\/li>\n\n\n\n<li>Ley 43\/2003, de 21 de noviembre, <strong>Ley<\/strong> <strong>de Montes<\/strong>.<\/li>\n\n\n\n<li>Ley 34\/2007, de 15 de noviembre, <strong>Ley de calidad del aire y protecci\u00f3n de la atm\u00f3sfera<\/strong>.<\/li>\n\n\n\n<li>Ley 7\/2022, de 8 de abril, <strong>Ley<\/strong> <strong>de residuos y suelos contaminados para una econom\u00eda circular.<\/strong><\/li>\n\n\n\n<li>Ley 7\/2021 <strong>Ley de Cambio Clim\u00e1tico y transici\u00f3n energ\u00e9tica<\/strong>.<\/li>\n<\/ul>\n\n\n\n<p><strong>Art\u00edculo 3<\/strong><strong>. <\/strong>Objetivos de reducci\u00f3n de emisiones de gases de efecto invernadero, energ\u00edas renovables y eficiencia energ\u00e9tica.<\/p>\n\n\n\n<ul class=\"wp-block-list\">\n<li>Objetivos m\u00ednimos para el a\u00f1o 2030.<\/li>\n<\/ul>\n\n\n\n<p>1. Reducir las emisiones de GEIs de toda la econom\u00eda un 23% respecto a 1990<\/p>\n\n\n\n<ul class=\"wp-block-list\">\n<li>Alcanzar una penetraci\u00f3n de energ\u00edas renovables en el consumo de energ\u00eda final de al menos 42%<\/li>\n\n\n\n<li>Alcanzar en el sistema el\u00e9ctrico al menos el 74% de generaci\u00f3n renovable.<\/li>\n<\/ul>\n\n\n\n<p>2. Antes de 2050, Espa\u00f1a deber\u00e1 alcanzar la neutralidad clim\u00e1tica, con el objeto de dar cumplimiento a los compromisos internacionalmente asumidos, \u2026\u2026<\/p>\n\n\n\n<p>3. Se autoriza revisar al alza los objetivos para,<\/p>\n\n\n\n<ul class=\"wp-block-list\">\n<li>Cumplir con la Uni\u00f3n Europea<\/li>\n\n\n\n<li>Cumplir con los Acuerdos de Par\u00eds<\/li>\n\n\n\n<li>Para adaptarlos a la evoluci\u00f3n de los avances tecnol\u00f3gicos y del conocimiento cient\u00edfico.<\/li>\n<\/ul>\n\n\n\n<p class=\"has-text-align-center\">Menci\u00f3n especial para al <strong>Ley de Restauraci\u00f3n de la Naturaleza<\/strong> y su aprobaci\u00f3n al l\u00edmite que genera dudas sobre su aplicaci\u00f3n.<\/p>\n\n\n\n<ul class=\"wp-block-list\">\n<li><strong><u>LEYES ESPECIFICAS CONTRA EL CAMBIO CLIM\u00c1TICO<\/u><\/strong><\/li>\n\n\n\n<li><strong>COMUNIDADES AUT\u00d3NOMAS con Ley de Cambio Clim\u00e1tico.<\/strong><\/li>\n\n\n\n<li><strong>Junta de Andaluc\u00eda<u>,<\/u><\/strong><\/li>\n<\/ul>\n\n\n\n<p>Ley 8\/2018, de 8 de octubre, de medidas frente al cambio clim\u00e1tico y para la transici\u00f3n hacia un nuevo modelo energ\u00e9tico en Andaluc\u00eda.<\/p>\n\n\n\n<ul class=\"wp-block-list\">\n<li><strong>Comunidad Aut\u00f3noma de las Illes Balears,<\/strong><\/li>\n<\/ul>\n\n\n\n<p>Ley 10\/2019, de 22 de febrero, de cambio clim\u00e1tico y transici\u00f3n energ\u00e9tica.<\/p>\n\n\n\n<ul class=\"wp-block-list\">\n<li><strong>Comunidad Aut\u00f3noma de Catalu\u00f1a,\u00a0<\/strong><\/li>\n<\/ul>\n\n\n\n<p>Ley 16\/2017, de 1 de agosto, del cambio clim\u00e1tico.<\/p>\n\n\n\n<ul class=\"wp-block-list\">\n<li><strong>Comunidad Foral de Navarra,<\/strong><\/li>\n<\/ul>\n\n\n\n<p>Ley Foral 4\/2022, de 22 de marzo, de Cambio Clim\u00e1tico y Transici\u00f3n Energ\u00e9tica.<\/p>\n\n\n\n<ul class=\"wp-block-list\">\n<li><strong>Comunidad Valenciana<\/strong><\/li>\n<\/ul>\n\n\n\n<p>Ley 6\/2022, de 5 de diciembre, de cambio clim\u00e1tico y transici\u00f3n ecol\u00f3gica<\/p>\n\n\n\n<ul class=\"wp-block-list\">\n<li><strong>Pa\u00eds Vasco<\/strong><\/li>\n<\/ul>\n\n\n\n<p>Ley 10\/2021, de 9 de diciembre, de transici\u00f3n energ\u00e9tica y cambio clim\u00e1tico<\/p>\n\n\n\n<p><strong><u>Sin Ley o en proceso<\/u><\/strong><strong><u><\/u><\/strong><\/p>\n\n\n\n<ul class=\"wp-block-list\">\n<li><strong>Arag\u00f3n, Asturias, Canarias, La Rioja, Cantabria, Castilla La Mancha, Castilla Le\u00f3n, Ceuta, Extremadura, Galicia, Madrid, Melilla, Murcia.<\/strong><\/li>\n<\/ul>\n\n\n\n<h3 class=\"wp-block-heading has-text-align-center\">Esto nos hace preguntarnos, <strong><em><u>\u00bfSi tenemos tantas leyes y protecciones a tantos niveles, por qu\u00e9 ocurren?,<\/u><\/em><\/strong><\/h3>\n\n\n\n<p>Do\u00f1ana, laguna de Santa Olalla, aguas fecales en Matalasca\u00f1as,<\/p>\n\n\n\n<p>Mar Menor,<\/p>\n\n\n\n<p>Fosfoyesos Huelva, Marismas del Odie,<\/p>\n\n\n\n<p>Urbanizaciones a lo largo de toda la Costa Mediterr\u00e1nea, Canarias,<\/p>\n\n\n\n<p>Vertidos en Algeciras,<\/p>\n\n\n\n<p>Especies invasoras, mejill\u00f3n cebra, cotorras argentinas, escarabajo picudo, etc.,<\/p>\n\n\n\n<p>Contaminaci\u00f3n atmosf\u00e9rica en Madrid, Barcelona, Granada, etc.,<\/p>\n\n\n\n<p>Humedales Delta del Ebro,<\/p>\n\n\n\n<p>Ciudad deportiva M\u00e1laga CF en Arraijanal,<\/p>\n\n\n\n<p>El Algarrobico, Carboneras, Huelva,<\/p>\n\n\n\n<p>Puertito de Adeje, Tenerife,<\/p>\n\n\n\n<p>Valdeca\u00f1as, Extremadura,<\/p>\n\n\n\n<p>Y un gran etc.<\/p>\n\n\n\n<h3 class=\"wp-block-heading\"><strong>Entonces \u00bf<\/strong><strong>C\u00f3mo Actuar ante el Incumplimiento de Leyes Clim\u00e1ticas y Medioambientales por Parte de las Instituciones?: Una Perspectiva Global<\/strong><strong><\/strong><\/h3>\n\n\n\n<p>Cuando las instituciones encargadas de proteger el medio ambiente incumplen las leyes que ellas mismas establecen, <strong>se genera una crisis de confianza y un debilitamiento de los esfuerzos para combatir el cambio clim\u00e1tico<\/strong>.<\/p>\n\n\n\n<p><strong>Con que herramientas y estrategias contamos desde la Sociedad Civil para hacer frente a esta situaci\u00f3n.<\/strong><\/p>\n\n\n\n<h4 class=\"wp-block-heading\"><strong>1. <u>Participaci\u00f3n Ciudadana Activa, Acciones Directas de la Ciudadan\u00eda<\/u>:<\/strong><\/h4>\n\n\n\n<ul class=\"wp-block-list\">\n<li><strong>Informaci\u00f3n y Conocimiento:<\/strong> Mantente informado sobre las leyes ambientales, los compromisos de tu pa\u00eds y las acciones de las instituciones.<\/li>\n\n\n\n<li><strong>Movilizaci\u00f3n Social y protesta:<\/strong> Organiza o \u00fanete a protestas pac\u00edficas, marchas y campa\u00f1as para visibilizar el problema y presionar a los gobiernos.\n<ul class=\"wp-block-list\">\n<li><strong>Manifestaciones pac\u00edficas:<\/strong> Organizar marchas, concentraciones y otras acciones p\u00fablicas para visibilizar el problema y presionar a los gobiernos.<\/li>\n<\/ul>\n<\/li>\n\n\n\n<li><strong>Desobediencia civil no violenta:<\/strong> En algunos casos, se pueden llevar a cabo acciones de desobediencia civil no violenta para llamar la atenci\u00f3n sobre la gravedad de la situaci\u00f3n.<\/li>\n<\/ul>\n\n\n\n<ul class=\"wp-block-list\">\n<li><strong>Redes Sociales:<\/strong> Utiliza las redes sociales para difundir informaci\u00f3n, crear conciencia y conectar con otros ciudadanos preocupados por el medio ambiente.<\/li>\n\n\n\n<li><strong>Participaci\u00f3n en Consultas P\u00fablicas:<\/strong> Participa en consultas p\u00fablicas y procesos de toma de decisiones para influir en la elaboraci\u00f3n de pol\u00edticas ambientales.<\/li>\n\n\n\n<li><strong>Participaci\u00f3n Pol\u00edtica:<\/strong><ul><li><strong>Votaci\u00f3n informada:<\/strong> Elegir representantes pol\u00edticos comprometidos con la protecci\u00f3n del medio ambiente.<\/li><\/ul>\n<ul class=\"wp-block-list\">\n<li><strong>Participaci\u00f3n en campa\u00f1as:<\/strong> Apoyar campa\u00f1as de organizaciones ecologistas y movimientos sociales.<\/li>\n<\/ul>\n<\/li>\n\n\n\n<li><strong>Presentaci\u00f3n de candidaturas:<\/strong> Postularse para cargos p\u00fablicos y promover pol\u00edticas ambientales m\u00e1s ambiciosas.<\/li>\n<\/ul>\n\n\n\n<h4 class=\"wp-block-heading\"><strong><u>2. V\u00edas Legales: <\/u><a href=\"https:\/\/elpais.com\/planeta-futuro\/red-de-expertos\/2023-03-07\/una-idea-de-negocio-social-la-litigacion-climatica.html\">Nota de Jes\u00fas Iglesias de marzo 2023, El Pa\u00eds, UNA IDEA DE NEGOCIO SOCIAL: LA LITIGACI\u00d3N CLIM\u00c1TICA<\/a><\/strong><\/h4>\n\n\n\n<ul class=\"wp-block-list\">\n<li><strong>Denuncias Formales y Reclamos Legales:<\/strong> Presenta denuncias ante las autoridades competentes (ministerios de ambiente, fiscal\u00edas, etc.) cuando detectes incumplimientos de la ley.<\/li>\n\n\n\n<li><strong>Recursos Legales:<\/strong> Interpone recursos legales como amparos o demandas colectivas para proteger el medio ambiente y exigir el cumplimiento de la ley.<\/li>\n\n\n\n<li><strong>Quejas ante Organismos Internacionales:<\/strong> Presenta quejas ante organismos internacionales como la ONU o la Corte Interamericana de Derechos Humanos si consideras que se han violado derechos ambientales.<\/li>\n<\/ul>\n\n\n\n<h4 class=\"wp-block-heading\"><strong><u>3.Estrategias de Incidencia Pol\u00edtica<\/u><\/strong><strong><u><\/u><\/strong><\/h4>\n\n\n\n<ul class=\"wp-block-list\">\n<li><strong>Asambleas ciudadanas por el clima.<\/strong><\/li>\n\n\n\n<li><strong>Lobbying:<\/strong>\n<ul class=\"wp-block-list\">\n<li><strong>Di\u00e1logo con legisladores:<\/strong> Mantener reuniones con legisladores para influir en la toma de decisiones.<\/li>\n<\/ul>\n<\/li>\n\n\n\n<li><strong>Alianzas con organizaciones:<\/strong> Colaborar con otras organizaciones para fortalecer la incidencia pol\u00edtica.<\/li>\n\n\n\n<li><strong>Campa\u00f1as de comunicaci\u00f3n:<\/strong>\n<ul class=\"wp-block-list\">\n<li><strong>Uso de redes sociales:<\/strong> Difundir informaci\u00f3n sobre el problema y movilizar a la ciudadan\u00eda a trav\u00e9s de las redes sociales.<\/li>\n<\/ul>\n<\/li>\n\n\n\n<li><strong>Producci\u00f3n de materiales informativos:<\/strong> Elaborar informes, videos y otros materiales para sensibilizar a la poblaci\u00f3n.<\/li>\n\n\n\n<li><strong>Monitoreo y evaluaci\u00f3n:<\/strong>\n<ul class=\"wp-block-list\">\n<li><strong>Vigilancia de las pol\u00edticas p\u00fablicas:<\/strong> Monitorear la implementaci\u00f3n de las pol\u00edticas ambientales y denunciar las desviaciones.<\/li>\n<\/ul>\n<\/li>\n\n\n\n<li><strong>Evaluaci\u00f3n de los impactos:<\/strong> Evaluar los impactos de las acciones gubernamentales en el medio ambiente.<\/li>\n<\/ul>\n\n\n\n<h4 class=\"wp-block-heading\"><strong><u>4. Transparencia y Rendici\u00f3n de Cuentas:<\/u><\/strong><strong><u><\/u><\/strong><\/h4>\n\n\n\n<ul class=\"wp-block-list\">\n<li><strong>Acceso a la Informaci\u00f3n P\u00fablica:<\/strong> Solicita informaci\u00f3n sobre las actividades de las instituciones relacionadas con el medio ambiente y verifica si cumplen con la ley.<\/li>\n<\/ul>\n\n\n\n<ul class=\"wp-block-list\">\n<li><strong>Auditor\u00edas Ciudadanas:<\/strong> Realiza o apoya auditor\u00edas ciudadanas para evaluar el desempe\u00f1o de las instituciones en materia ambiental.<\/li>\n\n\n\n<li><strong>Control Social:<\/strong> Monitorea las acciones de los funcionarios p\u00fablicos y exige que rindan cuentas sobre sus decisiones y acciones.<\/li>\n<\/ul>\n\n\n\n<h4 class=\"wp-block-heading\"><strong><u>5.Fortalecimiento de la Sociedad Civil<\/u><\/strong><strong><u><\/u><\/strong><\/h4>\n\n\n\n<ul class=\"wp-block-list\">\n<li><strong>Organizaci\u00f3n comunitaria:<\/strong>\n<ul class=\"wp-block-list\">\n<li><strong>Creaci\u00f3n de redes:<\/strong> Formar redes de organizaciones y ciudadanos para compartir informaci\u00f3n y coordinar acciones.<\/li>\n<\/ul>\n<\/li>\n\n\n\n<li><strong>Empoderamiento local:<\/strong> Fortalecer las capacidades de las comunidades locales para defender sus derechos ambientales.<\/li>\n\n\n\n<li><strong>Educaci\u00f3n ambiental:<\/strong>\n<ul class=\"wp-block-list\">\n<li><strong>Concientizaci\u00f3n:<\/strong> Promover la educaci\u00f3n ambiental para fomentar una mayor conciencia sobre los problemas ambientales.<\/li>\n<\/ul>\n<\/li>\n\n\n\n<li><strong>Capacitaci\u00f3n:<\/strong> Capacitar a la ciudadan\u00eda para participar en procesos de toma de decisiones.<\/li>\n<\/ul>\n\n\n\n<h4 class=\"wp-block-heading\"><strong><u>6. Consumo Responsable y Estilos de Vida Sostenibles:<\/u><\/strong><strong><u><\/u><\/strong><\/h4>\n\n\n\n<ul class=\"wp-block-list\">\n<li><strong>Consumo Consciente:<\/strong> Elige productos y servicios que sean respetuosos con el medio ambiente y reduce tu huella ecol\u00f3gica.<\/li>\n\n\n\n<li><strong>Econom\u00eda Circular:<\/strong> Promueve la econom\u00eda circular y el reciclaje para reducir la generaci\u00f3n de residuos.<\/li>\n\n\n\n<li><strong>Movilidad Sostenible:<\/strong> Opta por medios de transporte sostenibles como la bicicleta o el transporte p\u00fablico.<\/li>\n<\/ul>\n\n\n\n<h4 class=\"wp-block-heading\"><strong><u>7. Alianzas Estrat\u00e9gicas:<\/u><\/strong><strong><u><\/u><\/strong><\/h4>\n\n\n\n<ul class=\"wp-block-list\">\n<li><strong>Organizaciones Ambientales:<\/strong> \u00danete a organizaciones ambientales y colabora con ellas en sus acciones.<\/li>\n\n\n\n<li><strong>Empresas Sociales:<\/strong> Apoya a empresas sociales que promueven pr\u00e1cticas sostenibles.<\/li>\n\n\n\n<li><strong>Medios de Comunicaci\u00f3n:<\/strong> Utiliza los medios de comunicaci\u00f3n para difundir tus ideas y generar un debate p\u00fablico sobre los problemas ambientales.<\/li>\n<\/ul>\n\n\n\n<h4 class=\"wp-block-heading\"><strong><u>8.Colaboraci\u00f3n Internacional<\/u><\/strong><strong>,<\/strong><\/h4>\n\n\n\n<ul class=\"wp-block-list\">\n<li><strong>Cooperaci\u00f3n Internacional:<\/strong> Fomenta la cooperaci\u00f3n internacional en materia ambiental para compartir experiencias y fortalecer las acciones a nivel global<\/li>\n<\/ul>\n\n\n\n<ul class=\"wp-block-list\">\n<li><strong>Redes internacionales:<\/strong> Participar en redes internacionales de organizaciones ambientales para compartir experiencias y fortalecer las acciones a nivel global.<\/li>\n\n\n\n<li><strong>Acuerdos internacionales:<\/strong> Promover la implementaci\u00f3n de acuerdos internacionales sobre el cambio clim\u00e1tico y la protecci\u00f3n del medio ambiente.<\/li>\n<\/ul>\n\n\n\n<h4 class=\"wp-block-heading\"><strong><u>Subir pelda\u00f1os en la Escalera de Participaci\u00f3n.<\/u><\/strong><strong><u><\/u><\/strong><\/h4>\n\n\n\n<p><strong>Estamos sometidos a una individualizaci\u00f3n de los riesgos, cuyos promotores culpan de la degradaci\u00f3n medioambiental a las v\u00edctimas y no a los verdaderos responsables; intentando hacer creer que cada uno puede, solo como individuo, hacer frente a unos riesgos que s\u00f3lo podr\u00e1n tener respuesta con el fortalecimiento de las redes colectivas de protecci\u00f3n social, sanitaria y ambiental.<\/strong><\/p>\n\n\n\n<p>Tenemos que impulsar el cambio que queremos, un cambio que ponga en el centro a las personas, a la vida, sin dejar a nadie atr\u00e1s, <strong>donde tener acceso a unas condiciones de vida digna sea un derecho y no un privilegio.<\/strong><\/p>\n\n\n\n<p><strong>La transformaci\u00f3n tiene que pasar de las palabras a los hechos.<\/strong><strong><\/strong><\/p>\n\n\n\n<h3 class=\"wp-block-heading has-text-align-center\">Y dejamos la siguiente pregunta, <em>\u00bf<strong>Tiene la justicia, a d\u00eda de hoy, los medios, los conocimientos, la capacitaci\u00f3n y el convencimiento para hacer cumplir las Leyes y normativas <u>medioambientales y clim\u00e1ticas<\/u> aprobadas en todos los \u00e1mbitos, europeo, nacional, auton\u00f3mico y local?<\/strong><\/em><\/h3>\n\n\n\n<p><\/p>\n\n\n\n<p><\/p>\n","protected":false},"excerpt":{"rendered":"<p>El jueves 5 de diciembre estuvimos presentes en el Congreso Nacional de Medio Ambiente, CONAMA 2024. Participamos en la mesa Acci\u00f3n local, participaci\u00f3n ciudadana y &hellip;<\/p>\n","protected":false},"author":1,"featured_media":706,"comment_status":"closed","ping_status":"closed","sticky":false,"template":"","format":"standard","meta":{"footnotes":""},"categories":[1,59],"tags":[86,44,92,91,89,93],"class_list":["post-703","post","type-post","status-publish","format-standard","has-post-thumbnail","hentry","category-blog","category-eventos","tag-euclimateaction","tag-cambio-climatico","tag-conama-2024","tag-euclimateaction-2","tag-euclimatepact-2","tag-retoglobal-eu"],"_links":{"self":[{"href":"https:\/\/retoglobal.eu\/index.php\/wp-json\/wp\/v2\/posts\/703","targetHints":{"allow":["GET"]}}],"collection":[{"href":"https:\/\/retoglobal.eu\/index.php\/wp-json\/wp\/v2\/posts"}],"about":[{"href":"https:\/\/retoglobal.eu\/index.php\/wp-json\/wp\/v2\/types\/post"}],"author":[{"embeddable":true,"href":"https:\/\/retoglobal.eu\/index.php\/wp-json\/wp\/v2\/users\/1"}],"replies":[{"embeddable":true,"href":"https:\/\/retoglobal.eu\/index.php\/wp-json\/wp\/v2\/comments?post=703"}],"version-history":[{"count":3,"href":"https:\/\/retoglobal.eu\/index.php\/wp-json\/wp\/v2\/posts\/703\/revisions"}],"predecessor-version":[{"id":707,"href":"https:\/\/retoglobal.eu\/index.php\/wp-json\/wp\/v2\/posts\/703\/revisions\/707"}],"wp:featuredmedia":[{"embeddable":true,"href":"https:\/\/retoglobal.eu\/index.php\/wp-json\/wp\/v2\/media\/706"}],"wp:attachment":[{"href":"https:\/\/retoglobal.eu\/index.php\/wp-json\/wp\/v2\/media?parent=703"}],"wp:term":[{"taxonomy":"category","embeddable":true,"href":"https:\/\/retoglobal.eu\/index.php\/wp-json\/wp\/v2\/categories?post=703"},{"taxonomy":"post_tag","embeddable":true,"href":"https:\/\/retoglobal.eu\/index.php\/wp-json\/wp\/v2\/tags?post=703"}],"curies":[{"name":"wp","href":"https:\/\/api.w.org\/{rel}","templated":true}]}}