{"id":559,"date":"2024-10-01T11:39:30","date_gmt":"2024-10-01T09:39:30","guid":{"rendered":"https:\/\/retoglobal.eu\/?p=559"},"modified":"2025-06-24T11:48:00","modified_gmt":"2025-06-24T09:48:00","slug":"ruta-del-clima-malaga-este","status":"publish","type":"post","link":"https:\/\/retoglobal.eu\/index.php\/2024\/10\/01\/ruta-del-clima-malaga-este\/","title":{"rendered":"Ruta del clima M\u00e1laga Este"},"content":{"rendered":"\n<p>Dentro del <strong><a href=\"https:\/\/linktr.ee\/malagaecofestival\">II M\u00e1laga Ecofestival<\/a><\/strong>, el mi\u00e9rcoles 25 de septiembre a las 18:30hs.hicimos una ruta del clima con el siguiente itinerario, <\/p>\n\n\n\n<p><strong>Paseo Mar\u00edtimo El Palo <\/strong>\u2013<strong> Balneario de los Ba\u00f1os del Carmen <\/strong><\/p>\n\n\n\n<p>Salida desde <strong>Paseo Mar\u00edtimo de El Palo<\/strong> y finalizaci\u00f3n en el Parque de los <strong>Ba\u00f1os del Carmen<\/strong>, con una distancia de 2,3 Km. de recorrido a pie y una duraci\u00f3n aproximada de 1:30 Hs., siendo un recorrido urbano <strong>f\u00e1cil<\/strong> con Nivel 2 de dificultad y apto para todas las personas.<\/p>\n\n\n\n<p>Las fotos antiguas pertenecen a la <a href=\"https:\/\/www.elpalo.org\/imagenes-de-el-palo-en-los-50-60-70\/\">Asociaci\u00f3n de Vecinos El Palo<\/a><\/p>\n\n\n\n<p>La primera parada y salida fue en <strong>El Palo<\/strong>, en el paseo mar\u00edtimo a la altura de las letras El Palo.<\/p>\n\n\n\n<h3 class=\"wp-block-heading\"><strong><u>El Palo: Su origen fue un humilde barrio de pescadores<\/u><\/strong>.<\/h3>\n\n\n\n<p>Hablamos sobre el proceso actual de gentrificaci\u00f3n que se acelera en este rinc\u00f3n al este de la ciudad, ahora repleto de apartamentos vacacionales y con el precio de la vivienda disparado.<\/p>\n\n\n\n<p><strong>El Palo<\/strong> no es solo un barrio, es una parte indiscutible de M\u00e1laga, aunque late con su propio coraz\u00f3n. La gente de El Palo <strong>no va al centro -eso significar\u00eda ir al mercado, el del barrio- sino  baja a M\u00e1lag<\/strong>a. El Palo es la parte m\u00e1s oriental de ciudad, que se extiende entre la playa y el monte San Ant\u00f3n y en cuya falda se encuentran las casas m\u00e1s exclusivas de la ciudad, y es que en El Palo se mezclaban el barrio de pescadores y la zona residencial desarrollada alrededor de la autov\u00eda.<\/p>\n\n\n\n<p><strong>El \u00abpale\u00f1o<\/strong>\u00bb tira de curr\u00edculum y numera las generaciones que lleva su familia en el barrio, El Palo no es m\u00e1s que <strong>Las Cuatro Esquinas<\/strong> y el laberinto de calles que llegan por un lado a Las Cuevas y La Pelusa y por el otro, a las Protegidas y la playa. El l\u00edmite oficial del arroyo Jaboneros que separa El Palo de Pedregalejo, no es aceptado por el pale\u00f1o viejo, quien sit\u00faa las lindes m\u00e1s ac\u00e1 de Echeverr\u00eda.<\/p>\n\n\n\n<p>Las famosas <strong>casas de las playas<\/strong> de El Palo y Pedregalejo no son s\u00f3lo un grupo de casas de una zona concreta. Bajo esa denominaci\u00f3n se suelen incluir, en muchas ocasiones, a las casas del litoral situadas en Pedregalejo, El Dedo, Playa Virginia, Las Delicias, Las Acacias y La Ara\u00f1a.<\/p>\n\n\n\n<figure class=\"wp-block-image size-large\"><img loading=\"lazy\" decoding=\"async\" width=\"1024\" height=\"580\" src=\"https:\/\/retoglobal.eu\/wp-content\/uploads\/2024\/10\/EPCasaPlaya2-1024x580.png\" alt=\"\" class=\"wp-image-560\" srcset=\"https:\/\/retoglobal.eu\/wp-content\/uploads\/2024\/10\/EPCasaPlaya2-1024x580.png 1024w, https:\/\/retoglobal.eu\/wp-content\/uploads\/2024\/10\/EPCasaPlaya2-300x170.png 300w, https:\/\/retoglobal.eu\/wp-content\/uploads\/2024\/10\/EPCasaPlaya2-768x435.png 768w, https:\/\/retoglobal.eu\/wp-content\/uploads\/2024\/10\/EPCasaPlaya2-431x244.png 431w, https:\/\/retoglobal.eu\/wp-content\/uploads\/2024\/10\/EPCasaPlaya2.png 1274w\" sizes=\"auto, (max-width: 1024px) 100vw, 1024px\" \/><\/figure>\n\n\n\n<p><strong>El origen de las casas es de los primeros pescadores<\/strong> que se asentaron en <strong>las Cuevas<\/strong> del Palo, llegados del Levante a principios del siglo XIX. Comenzaron haciendo unos chamizos en la playa para guardar sus aperos y a posterior empezaron a dormir all\u00ed. Se casaron, tuvieron hijos y fueron ampliando las casas. Construyeron viviendas mejores para sus hijos, que siguieron con la tradici\u00f3n pesquera y el barrio se fue ampliando, con un dise\u00f1o de calles estrechas que los proteg\u00edan de los temporales de agua y viento que azota la zona en invierno.<\/p>\n\n\n\n<p><strong>Con el tiempo se pas\u00f3 a la piedra y al cemento sobre todo a partir de los a\u00f1os 60 y 70<\/strong>, cuando empezaron a reconstruirse las viviendas en mejores condiciones, pero en los mismos espacios que ocuparon las familias durante d\u00e9cadas.<\/p>\n\n\n\n<figure class=\"wp-block-image size-large\"><img loading=\"lazy\" decoding=\"async\" width=\"1024\" height=\"575\" src=\"https:\/\/retoglobal.eu\/wp-content\/uploads\/2024\/10\/EPAstillero-1024x575.png\" alt=\"\" class=\"wp-image-561\" srcset=\"https:\/\/retoglobal.eu\/wp-content\/uploads\/2024\/10\/EPAstillero-1024x575.png 1024w, https:\/\/retoglobal.eu\/wp-content\/uploads\/2024\/10\/EPAstillero-300x168.png 300w, https:\/\/retoglobal.eu\/wp-content\/uploads\/2024\/10\/EPAstillero-768x431.png 768w, https:\/\/retoglobal.eu\/wp-content\/uploads\/2024\/10\/EPAstillero-431x242.png 431w, https:\/\/retoglobal.eu\/wp-content\/uploads\/2024\/10\/EPAstillero.png 1282w\" sizes=\"auto, (max-width: 1024px) 100vw, 1024px\" \/><\/figure>\n\n\n\n<p><strong>Las viviendas pr\u00e1cticamente no cuentan con escrituras de propiedad<\/strong>, pero la mayor\u00eda se conoce de abuelos, padres e hijos, ya que estas son un patrimonio familiar que ha pasado de generaci\u00f3n en generaci\u00f3n, ocupando la misma parcela desde hace d\u00e9cadas.<\/p>\n\n\n\n<h4 class=\"wp-block-heading\"><strong><u>ORIGEN DEL NOMBRE<\/u><\/strong><strong><\/strong><\/h4>\n\n\n\n<p>De d\u00f3nde viene en nombre El Palo sigue siendo un misterio<strong>,<\/strong> cada persona da una versi\u00f3n diferente y probable:<\/p>\n\n\n\n<p>Tal vez la m\u00e1s aceptada es que el origen del nombre de El Palo guarda relaci\u00f3n con la palabra latina \u2018palus\u2019 que significa <strong>marisma<\/strong> por una gran laguna que existi\u00f3 en la zona. <\/p>\n\n\n\n<p>Otras versiones son,<\/p>\n\n\n\n<p>-En la orilla de la playa hab\u00eda palos clavados cada poco metro, para las se\u00f1oras, que antes no sab\u00edan nadar.<\/p>\n\n\n\n<p>-Es por un palo que hab\u00eda en la parada del tranv\u00eda, ah\u00ed donde est\u00e1n los Cursos para Extranjeros de la Universidad, donde antes estuvo la facultad de Derecho, y los que se apeaban aqu\u00ed advert\u00edan de que se bajaban en el palo.<\/p>\n\n\n\n<p>-Es por un palo grande donde amarraban las barcas.<\/p>\n\n\n\n<p>-Porque naufrag\u00f3 un barco y de \u00e9l solo asomaba uno de los palos, que estuvo semanas hipnotizando a los ba\u00f1istas.<\/p>\n\n\n\n<h4 class=\"wp-block-heading\">L\u00ednea de trenes M\u00e1laga &#8211; Torre del Mar &#8211; V\u00e9lez M\u00e1laga &#8211; Ventas de Zafarraya<\/h4>\n\n\n\n<p><strong>La apertura del primer tramo entre M\u00e1laga y Torre del Mar fue el <u>22 de enero de 1908<\/u>.<\/strong><\/p>\n\n\n\n<p>Los or\u00edgenes de la red de ferrocarriles suburbanos se remontan al 4 de septiembre de 1893, d\u00eda en el que el Ministerio de Fomento otorg\u00f3 a Agust\u00edn Sanz Monfort una concesi\u00f3n para la construcci\u00f3n de una v\u00eda f\u00e9rrea entre M\u00e1laga y V\u00e9lez-M\u00e1laga.<\/p>\n\n\n\n<p>El 8 de junio de 1903 una nueva concesi\u00f3n, otorgada por el Ministerio de Agricultura, Industria, Comercio y Obras P\u00fablicas al empresario malague\u00f1o Tom\u00e1s Heredia Grund, autorizaba la construcci\u00f3n y explotaci\u00f3n de un ferrocarril de v\u00eda m\u00e9trica que, desde M\u00e1laga alcanzar\u00eda el barrio de Torre del Mar.<\/p>\n\n\n\n<p>Ninguno hizo nada m\u00e1s que transferir la concesi\u00f3n, el 12 de enero de 1905, a Ernesto Le\u00f3n Sawyer, qui\u00e9n, poco despu\u00e9s, en concreto, el 7 de junio, la traspas\u00f3 a la reci\u00e9n creada <strong>Compa\u00f1\u00eda de los Ferrocarriles Suburbanos de M\u00e1laga<\/strong>.<\/p>\n\n\n\n<figure class=\"wp-block-image size-large\"><img loading=\"lazy\" decoding=\"async\" width=\"1024\" height=\"576\" src=\"https:\/\/retoglobal.eu\/wp-content\/uploads\/2024\/10\/Estacion-Tren-1024x576.jpg\" alt=\"\" class=\"wp-image-574\" srcset=\"https:\/\/retoglobal.eu\/wp-content\/uploads\/2024\/10\/Estacion-Tren-1024x576.jpg 1024w, https:\/\/retoglobal.eu\/wp-content\/uploads\/2024\/10\/Estacion-Tren-300x169.jpg 300w, https:\/\/retoglobal.eu\/wp-content\/uploads\/2024\/10\/Estacion-Tren-768x432.jpg 768w, https:\/\/retoglobal.eu\/wp-content\/uploads\/2024\/10\/Estacion-Tren-431x242.jpg 431w, https:\/\/retoglobal.eu\/wp-content\/uploads\/2024\/10\/Estacion-Tren.jpg 1280w\" sizes=\"auto, (max-width: 1024px) 100vw, 1024px\" \/><\/figure>\n\n\n\n<p>Ferrocarriles Suburbanos de M\u00e1laga se hab\u00eda constituido en Madrid el 11 de marzo de 1905, con un capital social de cuatro millones de pesetas, suscrito en su mayor\u00eda por financieros <strong>belgas<\/strong>. Es preciso tener en cuenta la implicaci\u00f3n del capital belga en numerosos proyectos ferroviarios y, sobre todo, tranviarios, en nuestro pa\u00eds a finales del siglo XIX y comienzos del XX, como era el caso de los propios tranv\u00edas urbanos de M\u00e1laga.<\/p>\n\n\n\n<p>Las obras <strong>M\u00e1laga \u2013 Torre del Mar<\/strong> se iniciaron en el verano de 1905, bajo la direcci\u00f3n del ingeniero Eduardo Fowles. Dos a\u00f1os y medio despu\u00e9s concluiyeron las obras, que quedaron pr\u00e1cticamente terminadas a finales de 1907.<\/p>\n\n\n\n<p>La inauguraci\u00f3n fue el <strong>22 de enero de 1908<\/strong>, luego se sum\u00f3 la prolongaci\u00f3n entre Torre del Mar y V\u00e9lez M\u00e1laga, cinco kil\u00f3metros inaugurados el 23 de julio de 1908.<\/p>\n\n\n\n<p><strong><u>La l\u00ednea de M\u00e1laga a V\u00e9lez-M\u00e1laga fue la \u00faltima en cerrar, el 22 de abril de 1968.<\/u><\/strong><\/p>\n\n\n\n<p>A\u00fan quedan algunos edificios de las antiguas estaciones, en 2010 se decidi\u00f3 reabrir el antiguo t\u00fanel entre el Puerto de M\u00e1laga y La Malagueta, Muelle Uno.&nbsp;<\/p>\n\n\n\n<p>Estaciones y apeaderos: M\u00c1LAGA PUERTO &#8211; EMPALME BA\u00d1OS DEL CARMEN (desaparecida) &#8211; EL PALO &#8211; LA CALA &#8211; RINC\u00d3N DE LA VICTORIA &#8211; BENAGALB\u00d3N &#8211; CHILCHES &#8211; BENAJARAFE &#8211; VALLE NIZA (desaparecida) &#8211; ALMAYATE &#8211; TORRE DEL MAR &#8211; V\u00c9LEZ-M\u00c1LAGA.<\/p>\n\n\n\n<p>El segundo tramo entre V\u00e9lez y Ventas de Zafarraya&nbsp;fue construido como prolongaci\u00f3n de la l\u00ednea de M\u00e1laga a V\u00e9lez-M\u00e1laga. En 1921 alcanzaba, al a\u00f1o siguiente se inaugur\u00f3 el tramo hasta Ventas de Zafarraya.<\/p>\n\n\n\n<p>Estaba previsto que esta l\u00ednea se extendiera hasta Granada pero las obras nunca se extendieron m\u00e1s all\u00e1 de los 31 km. hasta que fue clausurada el 12 de mayo de 1960.<\/p>\n\n\n\n<p>Estaciones y apeaderos: V\u00c9LEZ-M\u00c1LAGA &#8211; EL TRAPICHE &#8211; VI\u00d1UELA &#8211; LOS ROMANES &#8211; MATANZAS &#8211; PERIANA (desaparecida) &#8211; VENTAS DE ZAFARRAYA<\/p>\n\n\n\n<p>Las locomotoras eran de vapor que utilizaban el carb\u00f3n como combustible, si se hubiese modernizado y electrificado desdoblando las v\u00edas, que importante ser\u00eda contar con esta l\u00ednea a d\u00eda de hoy, la cantidad de emisiones menos por la quema de combustibles f\u00f3siles de los miles de veh\u00edculos que se desplazan diariamente desde el levante hasta M\u00e1laga y la eliminaci\u00f3n de atascos por contar con un servicio de trenes que estuvo activo hasta 1968.<\/p>\n\n\n\n<h3 class=\"wp-block-heading\">La segunda parada es en Arroyo Jaboneros.<\/h3>\n\n\n\n<p>En el puente sobre el Arroyo Jaboneros y con vistas al Monte San Ant\u00f3n, trascurre la segunda parada. Las cimas del  <strong>Monte San Ant\u00f3n<\/strong> tienen 491 y 507 metros de altura, conocido como <strong>\u201clas tetas de M\u00e1laga\u201d,<\/strong> se encuentra en el t\u00e9rmino municipal por lo que es el punto m\u00e1s alto de la ciudad y desde all\u00ed se obtienen de las mejores panor\u00e1micas de la bah\u00eda de M\u00e1laga, y tambi\u00e9n desde donde se alcanza a comprender mejor la idiosincrasia de este barrio El Palo amplio que es pueblo y zona residencial.<\/p>\n\n\n\n<p>La subida es apta para todas las edades y aunque partamos del Palo pueblo, en seguida atravesamos los Pinares de San Ant\u00f3n tambi\u00e9n El Candado o Miraflores del Palo, que primero fue una finca del marqu\u00e9s de Iznate por donde pasaron Isabel II, Alfonso XII y Alfonso XIII, en la que abundan exclusivas casas unifamiliares diseminadas entre los pinos, el otro Palo, ese palo de contrastes entre la burgues\u00eda y las clases trabajadoras, en este caso los marinos y pescadores.<\/p>\n\n\n\n<p>Cuando el terreno pierde pinos y casas y gana piedras, comienza la subida a pie que <strong>culminar\u00e1 en la cruz<\/strong> a la que el padre Tejera, monta\u00f1ero del colegio jesuita San Estanislao de Kotska ha llevado a cientos de ni\u00f1os.<\/p>\n\n\n\n<figure class=\"wp-block-image size-large\"><img loading=\"lazy\" decoding=\"async\" width=\"1024\" height=\"576\" src=\"https:\/\/retoglobal.eu\/wp-content\/uploads\/2024\/10\/SA-Monte-San-Anton-1024x576.jpg\" alt=\"\" class=\"wp-image-562\" srcset=\"https:\/\/retoglobal.eu\/wp-content\/uploads\/2024\/10\/SA-Monte-San-Anton-1024x576.jpg 1024w, https:\/\/retoglobal.eu\/wp-content\/uploads\/2024\/10\/SA-Monte-San-Anton-300x169.jpg 300w, https:\/\/retoglobal.eu\/wp-content\/uploads\/2024\/10\/SA-Monte-San-Anton-768x432.jpg 768w, https:\/\/retoglobal.eu\/wp-content\/uploads\/2024\/10\/SA-Monte-San-Anton-431x242.jpg 431w, https:\/\/retoglobal.eu\/wp-content\/uploads\/2024\/10\/SA-Monte-San-Anton.jpg 1280w\" sizes=\"auto, (max-width: 1024px) 100vw, 1024px\" \/><\/figure>\n\n\n\n<p>Es recomendable bajar por la cara norte aunque hay que ser m\u00e1s intr\u00e9pido para bajar por all\u00ed, si tienes mucha suerte puedes encontrarte con las aguas del arroyo en \u00e9pocas favorables y regresar al barrio\/pueblo recorriendo el pedregoso cauce seco del arroyo Jaboneros, donde un <strong>mes de marzo, en 1483, se produjo una sangrienta batalla en la que los cristianos perdieron centenares de hombres (y casi dos mil cayeron prisioneros) en el intento fallido de tomar M\u00e1laga, que a\u00fan seguir\u00eda siendo musulmana hasta 1487.<\/strong><\/p>\n\n\n\n<p>Los montes presentan una litolog\u00eda K\u00e1rstica que da lugar a dolinas, <a href=\"https:\/\/es.wikipedia.org\/wiki\/Sima\">simas<\/a>&nbsp;y <strong>galer\u00edas subterr\u00e1neas<\/strong>. A pesar de su cercan\u00eda a las zonas urbanizadas constituye una <strong>reserva para la&nbsp;<\/strong><a href=\"https:\/\/es.wikipedia.org\/wiki\/Fauna\"><strong>fauna<\/strong><\/a><strong>&nbsp;y la&nbsp;<\/strong><a href=\"https:\/\/es.wikipedia.org\/wiki\/Flora\"><strong>flora<\/strong><\/a>. En \u00e9l encontramos <strong>vertebrados como el&nbsp;<\/strong><a href=\"https:\/\/es.wikipedia.org\/wiki\/Chamaeleo_chamaeleon\"><strong>camale\u00f3n com\u00fan<\/strong><\/a><strong>&nbsp;o el&nbsp;<\/strong><a href=\"https:\/\/es.wikipedia.org\/wiki\/Aquila_fasciata\"><strong>\u00e1guila perdicera<\/strong><\/a>, y algunos&nbsp;<a href=\"https:\/\/es.wikipedia.org\/wiki\/Endemismo\">endemismos<\/a>&nbsp;vegetales, como el&nbsp;<a href=\"https:\/\/es.wikipedia.org\/w\/index.php?title=Cytisus_malacitanus&amp;action=edit&amp;redlink=1\"><em>Cytisus malacitanus<\/em><\/a>&nbsp;y el&nbsp;<a href=\"https:\/\/es.wikipedia.org\/w\/index.php?title=Sideritis_reverchonii&amp;action=edit&amp;redlink=1\"><em>Sideritis reverchonii<\/em><\/a>.<\/p>\n\n\n\n<p>Una de las m\u00e1s florecientes \u00e9pocas de la ciudad de M\u00e1laga y de toda la provincia es la primera mitad del siglo XIX. Tras la muerte de Fernando VII se abre un periodo brillante en el terreno econ\u00f3mico, social, cultural y pol\u00edtico, se produce un aumento de la siderurgia y la industria textil, y un crecimiento de la agricultura que favorece el establecimiento de la oligarqu\u00eda y la burgues\u00eda.<\/p>\n\n\n\n<p>Este crecimiento tiene por origen el cultivo de la vid que fue introducido en M\u00e1laga por los fenicios, y perpetuado por romanos y musulmanes. En 1502 los Reyes Cat\u00f3licos dictaron una Real C\u00e9dula que regulaban y proteg\u00edan la producci\u00f3n y el comercio del vino en M\u00e1laga que, a fines del siglo XVIII hab\u00eda alcanzado ya fama mundial con una magn\u00edfica aceptaci\u00f3n en Rusia. En 1791, Miguel de G\u00e1lvez y Gallardo, tercer hermano del G\u00e1lvez que particip\u00f3 en la Independencia de EEUU, embajador en Mosc\u00fa, le regal\u00f3 a la emperatriz Catalina II unas cajas de vino de M\u00e1laga y esta los declar\u00f3 libres de impuestos en sus reinos al igual que el zar Alejandro III que era muy aficionado al vino de M\u00e1laga.<\/p>\n\n\n\n<p>Este floreciente comercio acab\u00f3 originando una acumulaci\u00f3n de capital que genera e impulsa un proceso industrializador sin precedentes en la historia de la zona. As\u00ed mismo, adem\u00e1s de la pujanza del sector agrario y del industrial, el apogeo de los productos de la vid siembra las bases para una econom\u00eda basada en el comercio que beneficia no solo a los derivados agr\u00edcolas sino a toda clase de productos, ya fuesen manufacturados o no.<\/p>\n\n\n\n<p>Los motivos del incremento del cultivo de la vid fueron por la idoneidad del clima y de la tierra que facilitaba su producci\u00f3n, y la creciente demanda de vino y pasas as\u00ed como su f\u00e1cil comercializaci\u00f3n hacia el exterior y el beneficio econ\u00f3mico.<\/p>\n\n\n\n<p>Los terrenos dedicados a las dos cepas m\u00e1s comunes en M\u00e1laga (Moscatel y Pero Ximen) fueron ocupando no solo las vegas y los valles, sino tambi\u00e9n las laderas de las colinas y hasta montes como el de <strong>San Ant\u00f3n<\/strong>, restando espacio al olivo y al cereal. Hacia 1878, en M\u00e1laga hab\u00eda 120.000 hect\u00e1reas dedicadas a la vid, de las cuales 90.000 eran de las variedades anteriormente citadas.<\/p>\n\n\n\n<h4 class=\"wp-block-heading\"><strong>LA FILOXERA (ESPECIES INVASORAS)<\/strong><\/h4>\n\n\n\n<p>La filoxera de la vid (nombre cient\u00edfico <strong>philloxera vastatrix<\/strong>) es un insecto que vive exclusivamente de la vid, aliment\u00e1ndose de sus jugos. Se reproduce por partenog\u00e9nesis, un solo individuo puede generar hasta 20 millones de insectos en un solo per\u00edodo. Cuando el insecto carece de alas, se aloja en las ra\u00edces y cuando adopta la forma alada, pasa a alojarse en las hojas.<\/p>\n\n\n\n<p>Al principio de la infecci\u00f3n no se observa ning\u00fan cambio, pero al segundo a\u00f1o la planta pierde su color caracter\u00edstico y para el cuarto a\u00f1o, el ejemplar queda completamente seco.<\/p>\n\n\n\n<p>La fecha oficial de la aparici\u00f3n de la filoxera en M\u00e1laga es la de julio de 1878, pero ya en 1874 y 1875 se dan los primeros s\u00edntomas en Ronda y Moclinejo, si bien, los hacendados nunca aceptaron estas fechas.<\/p>\n\n\n\n<p>Hab\u00eda filoxera tanto en Francia como en Portugal, por lo que la aparici\u00f3n del insecto se esperaba por el Ampurd\u00e1n o a trav\u00e9s de los vi\u00f1edos de Galicia, pero nunca en tierras malague\u00f1as o almerienses, cosa que desconcert\u00f3 a los cient\u00edficos hasta el punto de que ni a\u00fan hoy se sabe con certeza c\u00f3mo lleg\u00f3 la plaga, aunque probablemente se debiera a la importaci\u00f3n de plantas americanas infestadas, procedentes de Burdeos.<\/p>\n\n\n\n<p>Se acepta que la filoxera apareci\u00f3 en <strong>la finca La Indiana, situada en Moclinejo<\/strong>, a 20 kil\u00f3metros de M\u00e1laga, afectando a unas 90.000 cepas de uva moscatel, dedicadas a la producci\u00f3n de pasas.<\/p>\n\n\n\n<figure class=\"wp-block-image size-large\"><img loading=\"lazy\" decoding=\"async\" width=\"1024\" height=\"576\" src=\"https:\/\/retoglobal.eu\/wp-content\/uploads\/2024\/10\/SAFiloxera-1024x576.jpg\" alt=\"\" class=\"wp-image-563\" srcset=\"https:\/\/retoglobal.eu\/wp-content\/uploads\/2024\/10\/SAFiloxera-1024x576.jpg 1024w, https:\/\/retoglobal.eu\/wp-content\/uploads\/2024\/10\/SAFiloxera-300x169.jpg 300w, https:\/\/retoglobal.eu\/wp-content\/uploads\/2024\/10\/SAFiloxera-768x432.jpg 768w, https:\/\/retoglobal.eu\/wp-content\/uploads\/2024\/10\/SAFiloxera-431x242.jpg 431w, https:\/\/retoglobal.eu\/wp-content\/uploads\/2024\/10\/SAFiloxera.jpg 1280w\" sizes=\"auto, (max-width: 1024px) 100vw, 1024px\" \/><\/figure>\n\n\n\n<p>Im\u00e1genes del Instituto de <a href=\"https:\/\/www.juntadeandalucia.es\/institutodeestadisticaycartografia\/atlashistoriaecon\/atlas_cap_17.html\">Estad\u00edsticas y Cartograf\u00eda Junta de Andaluc\u00eda.<\/a> <\/p>\n\n\n\n<p>La filoxera se extendi\u00f3 a las fincas m\u00e1s cercanas, de manera que en un mes ya eran 200.000 las cepas contagiadas. Fueron muchas las comisiones de expertos que se trasladaron a M\u00e1laga para estudiar la plaga y tratar de contenerla y tambi\u00e9n fueron numerosas las peticiones de ayudas econ\u00f3micas para dicho fin. El Ayuntamiento elev\u00f3 al Gobierno una petici\u00f3n de auxilio declar\u00e1ndose insolvente y traspasando el problema a la Diputaci\u00f3n Provincial.<\/p>\n\n\n\n<p>La previsi\u00f3n de los expertos y las comisiones auguraban que para 1882 habr\u00edan desaparecido la casi totalidad de los vi\u00f1edos, que el paisaje se tornar\u00eda des\u00e9rtico y que el colapso econ\u00f3mico trascender\u00eda del sector agr\u00edcola a las dem\u00e1s actividades mercantiles.<\/p>\n\n\n\n<p>En efecto, en 1885 se tramit\u00f3 el expediente de calamidad extraordinaria y para 1886 ya no quedaban vides moscateles y dos a\u00f1os despu\u00e9s ocurri\u00f3 lo propio con las Pero Ximen.<\/p>\n\n\n\n<p>Consecuentemente el comercio de vino y pasas se desplom\u00f3 y la actividad econ\u00f3mica colaps\u00f3.<\/p>\n\n\n\n<p>La situaci\u00f3n de miseria lleg\u00f3 a tales cotas que para 1894, en la zona oriental, el Gobierno dej\u00f3 de cobrar contribuciones e impuestos, pues los pueblos de la regi\u00f3n no eran sino \u201calbergues de familias desesperadas y hambrientas\u201d.<\/p>\n\n\n\n<p>A principios de siglo XX, hab\u00eda 25.000 hect\u00e1reas dedicadas a la vid, y hacia 1930, a pesar de los muchos esfuerzos por retomar el cultivo, solo 36.000 hect\u00e1reas, debido principalmente a la situaci\u00f3n general de crisis y penuria que se viv\u00eda en la comarca.<\/p>\n\n\n\n<p><strong>CONSECUENCIAS<\/strong><\/p>\n\n\n\n<p>Las consecuencias de la plaga fueron hist\u00f3ricamente decisivas. Al igual que el cultivo de la vid hab\u00eda ayudado definitivamente a impulsar la industria y el comercio, el cese de esta actividad provoc\u00f3 una la tremenda crisis de finales del siglo XIX.<\/p>\n\n\n\n<p>La falta de trabajo en los jornaleros de la Axarqu\u00eda y de otras zonas promovi\u00f3 una serie de movimientos migratorios, los pueblos quedaron completamente desiertos, las casas vac\u00edas y los campos asolados. Almendrales, Jaboneros y Guadalmedina lo hicieron desde el inicio de la crisis. Otros partidos de monta\u00f1a, como Tres Chaperas, Jotr\u00f3n y Lomillas y Roalabota se mantuvieron al principio, pero iniciaron su descenso vertiginoso a partir de la d\u00e9cada de 1890.<\/p>\n\n\n\n<p>Hubo zonas (G\u00e1lica, San Ant\u00f3n, Palo y Costa) que, por su proximidad a la ciudad, influenciados por un escenario econ\u00f3micamente m\u00e1s favorable, aumentaron su poblaci\u00f3n. De igual forma, los Partidos de la Vega (1\u00ba y 2\u00ba de la Vega) tambi\u00e9n acogieron buena parte de esta poblaci\u00f3n expatriada.<\/p>\n\n\n\n<p>En lo econ\u00f3mico, no todos piensan que solo la filoxera produjo la crisis ya que antes pod\u00eda observarse una p\u00e9rdida de competitividad de los vinos malague\u00f1os frente a los vinos franceses que, por otra parte, tuvieron una mejor recuperaci\u00f3n de la plaga.<\/p>\n\n\n\n<p>La irrupci\u00f3n en el mercado de la pasa de California en 1872, comenzaba a menoscabar la hegemon\u00eda de la pasa de M\u00e1laga.<\/p>\n\n\n\n<p>Respecto a la crisis del sector sider\u00fargico, una de sus causas fue la dificultad para competir con los altos hornos del norte de Espa\u00f1a, puestos de nuevo en marcha tras las Guerras Carlistas. Lo mismo que la industria textil, que comenz\u00f3 a sufrir las consecuencias del desarrollo de la industria textil catalana.<\/p>\n\n\n\n<p>Otra de las secuelas fue la de las riadas a principios de siglo XX. Tanto en 1901 como el 4 de noviembre de 1902, 4 de septiembre de 1905 o la devastadora riada de 24 de septiembre de 1907 puede achacarse al abandono de los cultivos y a la desertizaci\u00f3n de los montes.<\/p>\n\n\n\n<h3 class=\"wp-block-heading\"><strong><u>Tercera parada, Pedregalejo, esencia burguesa y marinera.<\/u><\/strong><\/h3>\n\n\n\n<p>Antiguo barrio de pescadores de la zona este de M\u00e1laga, Pedregalejo ha sido, hist\u00f3ricamente, la suma de dos barrios: <strong>Pedregalejo y Valle de los Galanes<\/strong>. Sin embargo, en la actualidad se conoce con el nombre de Pedregalejo a toda la zona que se encuentra entre los Ba\u00f1os del Carmen y el Arroyo Jaboneros, incluidas las playas de Pedregalejo y las Acacias.<\/p>\n\n\n\n<figure class=\"wp-block-image size-full\"><img loading=\"lazy\" decoding=\"async\" width=\"1009\" height=\"711\" src=\"https:\/\/retoglobal.eu\/wp-content\/uploads\/2024\/10\/PDPlaya-Acacias.png\" alt=\"\" class=\"wp-image-564\" srcset=\"https:\/\/retoglobal.eu\/wp-content\/uploads\/2024\/10\/PDPlaya-Acacias.png 1009w, https:\/\/retoglobal.eu\/wp-content\/uploads\/2024\/10\/PDPlaya-Acacias-300x211.png 300w, https:\/\/retoglobal.eu\/wp-content\/uploads\/2024\/10\/PDPlaya-Acacias-768x541.png 768w, https:\/\/retoglobal.eu\/wp-content\/uploads\/2024\/10\/PDPlaya-Acacias-426x300.png 426w\" sizes=\"auto, (max-width: 1009px) 100vw, 1009px\" \/><\/figure>\n\n\n\n<p>Una de las singularidades es que <strong>alberga algunas de las residencias de la burgues\u00eda malague\u00f1a del siglo XIX y principios del XX.<\/strong> Y la segunda de sus caracter\u00edsticas es la profusi\u00f3n de <strong><em>casas mata, academias de espa\u00f1ol para extranjeros, residencias de estudiantes, hostales y bares<\/em><\/strong>.<\/p>\n\n\n\n<p>Por esta raz\u00f3n, Pedregalejo y Valle de los Galanes son el epicentro del denominado <strong>\u201cturismo de idiomas de M\u00e1laga<\/strong>\u201d, hasta el punto de que <strong>aqu\u00ed se concentra el mayor n\u00famero de escuelas y academias de espa\u00f1ol a nivel nacional.<\/strong> La mayor\u00eda de estos centros de idiomas est\u00e1 acreditada por el Instituto Cervantes.<\/p>\n\n\n\n<p>Se cre\u00eda que el nombre de Pedregalejo proced\u00eda del pedregal formado por las canteras del vecino barrio de la Torre de San Telmo, de las que se extrajeron las piedras del puerto a finales del siglo XIX. Sin embargo, despu\u00e9s se descubri\u00f3 que no era as\u00ed, porque el nombre ya estaba registrado en un mapa de finales del XVIII.<\/p>\n\n\n\n<figure class=\"wp-block-image size-full\"><img loading=\"lazy\" decoding=\"async\" width=\"898\" height=\"631\" src=\"https:\/\/retoglobal.eu\/wp-content\/uploads\/2024\/10\/PDMapa.png\" alt=\"\" class=\"wp-image-565\" srcset=\"https:\/\/retoglobal.eu\/wp-content\/uploads\/2024\/10\/PDMapa.png 898w, https:\/\/retoglobal.eu\/wp-content\/uploads\/2024\/10\/PDMapa-300x211.png 300w, https:\/\/retoglobal.eu\/wp-content\/uploads\/2024\/10\/PDMapa-768x540.png 768w, https:\/\/retoglobal.eu\/wp-content\/uploads\/2024\/10\/PDMapa-427x300.png 427w\" sizes=\"auto, (max-width: 898px) 100vw, 898px\" \/><\/figure>\n\n\n\n<p>Hasta hace poco, este barrio \u201cde monta\u00f1a y playa\u201d era un obst\u00e1culo natural para las comunicaciones, ya que no permit\u00eda continuar el camino por la costa. Pero desde la d\u00e9cada de 1990, con la creaci\u00f3n del Paseo Mar\u00edtimo, se conoce como Pedregalejo a este barrio y al barrio vecino de Valle de los Galanes, si bien los m\u00e1s antiguos del lugar todav\u00eda distinguen entre ambos espacios y sus respectivas playas, separadas por el <strong>Arroyo de los Pilones<\/strong>, hoy entubado en los \u00faltimos 400 metros aproximadamente.<\/p>\n\n\n\n<p>Merece la pena descubrir el barrio de Pedregalejo y pasear por sus avenidas observando su particular arquitectura burguesa y sus casitas de pescadores y transitar por su calle principal, Juan Sebasti\u00e1n Elcano, antes calle M\u00e1laga, que conduce hasta El Palo, y que est\u00e1 jalonada por hileras de \u00e1rboles.<\/p>\n\n\n\n<p>La playa de Pedregalejo es una de las playas m\u00e1s populares de la ciudad de M\u00e1laga. Con una lengua de arena de unos 1.200 metros y se encuentra dividida en peque\u00f1as y tranquilas calas en forma de \u201cU\u201d que apenas tienen olas.<\/p>\n\n\n\n<figure class=\"wp-block-image size-large\"><img loading=\"lazy\" decoding=\"async\" width=\"1024\" height=\"576\" src=\"https:\/\/retoglobal.eu\/wp-content\/uploads\/2024\/10\/PDResidencias-1024x576.jpg\" alt=\"\" class=\"wp-image-566\" srcset=\"https:\/\/retoglobal.eu\/wp-content\/uploads\/2024\/10\/PDResidencias-1024x576.jpg 1024w, https:\/\/retoglobal.eu\/wp-content\/uploads\/2024\/10\/PDResidencias-300x169.jpg 300w, https:\/\/retoglobal.eu\/wp-content\/uploads\/2024\/10\/PDResidencias-768x432.jpg 768w, https:\/\/retoglobal.eu\/wp-content\/uploads\/2024\/10\/PDResidencias-431x242.jpg 431w, https:\/\/retoglobal.eu\/wp-content\/uploads\/2024\/10\/PDResidencias.jpg 1280w\" sizes=\"auto, (max-width: 1024px) 100vw, 1024px\" \/><\/figure>\n\n\n\n<h4 class=\"wp-block-heading\"><strong><em><u>Casa Verde<\/u><\/em><\/strong><\/h4>\n\n\n\n<p>Ejemplo de las <strong><em><u>Soluciones Basadas en la Naturaleza.<\/u><\/em><\/strong><\/p>\n\n\n\n<p>Una de las maneras que tenemos en luchar contra el cambio clim\u00e1tico y contra sus consecuencias en especial en las ciudades son las <strong>Soluciones Basadas en la Naturaleza.<\/strong><\/p>\n\n\n\n<p>Estas son acciones para proteger, gestionar de manera sostenible y restaurar los ecosistemas naturales y modificados que abordan los desaf\u00edos de la sociedad de manera efectiva y adaptativa, beneficiando simult\u00e1neamente a las personas y la naturaleza.<\/p>\n\n\n\n<p>En pleno paseo mar\u00edtimo en Pedregalejo y en contraste con el resto de edificios, nos encontramos con este \u00aboasis\u00bb entre tanto ladrillo y cemento.<\/p>\n\n\n\n<figure class=\"wp-block-image size-large\"><img loading=\"lazy\" decoding=\"async\" width=\"1024\" height=\"576\" src=\"https:\/\/retoglobal.eu\/wp-content\/uploads\/2024\/10\/PDVivienda-Verde-1024x576.jpg\" alt=\"\" class=\"wp-image-575\" srcset=\"https:\/\/retoglobal.eu\/wp-content\/uploads\/2024\/10\/PDVivienda-Verde-1024x576.jpg 1024w, https:\/\/retoglobal.eu\/wp-content\/uploads\/2024\/10\/PDVivienda-Verde-300x169.jpg 300w, https:\/\/retoglobal.eu\/wp-content\/uploads\/2024\/10\/PDVivienda-Verde-768x432.jpg 768w, https:\/\/retoglobal.eu\/wp-content\/uploads\/2024\/10\/PDVivienda-Verde-431x242.jpg 431w, https:\/\/retoglobal.eu\/wp-content\/uploads\/2024\/10\/PDVivienda-Verde.jpg 1280w\" sizes=\"auto, (max-width: 1024px) 100vw, 1024px\" \/><\/figure>\n\n\n\n<p>Estas soluciones abordan los desaf\u00edos de la sociedad a trav\u00e9s de la protecci\u00f3n, la gesti\u00f3n sostenible y la restauraci\u00f3n de los ecosistemas naturales y modificados, en beneficio tanto de la biodiversidad como del bienestar humano. Las soluciones basadas en la naturaleza est\u00e1n respaldadas por beneficios que provienen de ecosistemas saludables. Se centran en retos importantes como el cambio clim\u00e1tico, la reducci\u00f3n del riesgo de desastres, la seguridad alimentaria e h\u00eddrica, la p\u00e9rdida de biodiversidad y la salud humana, y son fundamentales para un desarrollo econ\u00f3mico sostenible.<\/p>\n\n\n\n<figure class=\"wp-block-image size-large\"><img loading=\"lazy\" decoding=\"async\" width=\"1024\" height=\"576\" src=\"https:\/\/retoglobal.eu\/wp-content\/uploads\/2024\/10\/PDLa-Paloma-1024x576.jpg\" alt=\"\" class=\"wp-image-576\" srcset=\"https:\/\/retoglobal.eu\/wp-content\/uploads\/2024\/10\/PDLa-Paloma-1024x576.jpg 1024w, https:\/\/retoglobal.eu\/wp-content\/uploads\/2024\/10\/PDLa-Paloma-300x169.jpg 300w, https:\/\/retoglobal.eu\/wp-content\/uploads\/2024\/10\/PDLa-Paloma-768x432.jpg 768w, https:\/\/retoglobal.eu\/wp-content\/uploads\/2024\/10\/PDLa-Paloma-431x242.jpg 431w, https:\/\/retoglobal.eu\/wp-content\/uploads\/2024\/10\/PDLa-Paloma.jpg 1280w\" sizes=\"auto, (max-width: 1024px) 100vw, 1024px\" \/><\/figure>\n\n\n\n<h4 class=\"wp-block-heading\"><strong><em><u>Limonium malacitanum<\/u><\/em><\/strong><\/h4>\n\n\n\n<p>Es una especie end\u00e9mica del litoral en las provincias de M\u00e1laga y Granada (desde Torremolinos a Marina del Este o Punta de la Mona). Se desarrolla exclusivamente en roquedos y acantilados litorales del piso termomediterr\u00e1neo inferior con ombroclima seco. Se conocen nueve poblaciones que suelen presentar una buena tasa de renovaci\u00f3n pero muy dispersas y con baja densidad.<\/p>\n\n\n\n<p>La siempreviva malague\u00f1a (Limonium malacitanum) es una planta de la familia Plumbaginaceae end\u00e9mica de la franja costera de Torremolinos y el Paraje Natural Acantilados Maro-Cerro Gordo, en la provincia de M\u00e1laga, sur de Espa\u00f1a.<\/p>\n\n\n\n<figure class=\"wp-block-image size-full\"><img loading=\"lazy\" decoding=\"async\" width=\"767\" height=\"509\" src=\"https:\/\/retoglobal.eu\/wp-content\/uploads\/2024\/10\/Limonium-2.png\" alt=\"\" class=\"wp-image-572\" srcset=\"https:\/\/retoglobal.eu\/wp-content\/uploads\/2024\/10\/Limonium-2.png 767w, https:\/\/retoglobal.eu\/wp-content\/uploads\/2024\/10\/Limonium-2-300x199.png 300w, https:\/\/retoglobal.eu\/wp-content\/uploads\/2024\/10\/Limonium-2-431x286.png 431w\" sizes=\"auto, (max-width: 767px) 100vw, 767px\" \/><\/figure>\n\n\n\n<p>En la Provincia de M\u00e1laga, lo podemos encontrar en el Pe\u00f1\u00f3n del Cuervo, en El Cantal en el Rinc\u00f3n de la Victoria y en Paraje Natural Acantilados de Maro-Cerro Gordo.<\/p>\n\n\n\n<p>Se presenta siempre cerca del mar, en los acantilados o sobre roquedos con influencia marina. Actualmente se encuentra en <strong>peligro de extinci\u00f3n.<\/strong><\/p>\n\n\n\n<p>Prospera en suelos muy poco evolucionados y aguanta una aguda sequ\u00eda durante la \u00e9poca estival, que le hace perder hojas de la roseta.<\/p>\n\n\n\n<p>Limonium malacitanum fue descrita por Blanca D\u00edez y publicado en Trabajos y Monograf\u00edas en 1981.<\/p>\n\n\n\n<p><strong><u>Etimolog\u00eda<\/u><\/strong>,<\/p>\n\n\n\n<p><strong>Limonium<\/strong>, nombre gen\u00e9rico que procede del griego leimon, que significa \u00ab<strong>pradera h\u00fameda\u00bb<\/strong><\/p>\n\n\n\n<p><strong>Malacitanum<\/strong>: ep\u00edteto geogr\u00e1fico que alude a su localizaci\u00f3n en M\u00e1laga.<\/p>\n\n\n\n<p>Est\u00e1 recogido en el Cat\u00e1logo Andaluz de Especies de Flora Silvestre Amenazada y catalogada \u2018<strong>en peligro de extinci\u00f3n\u2019<\/strong>y en el <strong>Atlas y Libro Rojo de la Flora Vascular Amenazada en Espa\u00f1a<\/strong>.<\/p>\n\n\n\n<p>Es un s\u00edmbolo propio de la biodiversidad de M\u00e1laga y que tenemos que conservar, dado el estado de amenaza de desaparecer que tiene.<\/p>\n\n\n\n<figure class=\"wp-block-image size-full\"><img loading=\"lazy\" decoding=\"async\" width=\"767\" height=\"509\" src=\"https:\/\/retoglobal.eu\/wp-content\/uploads\/2024\/10\/Limonium-1.png\" alt=\"\" class=\"wp-image-573\" srcset=\"https:\/\/retoglobal.eu\/wp-content\/uploads\/2024\/10\/Limonium-1.png 767w, https:\/\/retoglobal.eu\/wp-content\/uploads\/2024\/10\/Limonium-1-300x199.png 300w, https:\/\/retoglobal.eu\/wp-content\/uploads\/2024\/10\/Limonium-1-431x286.png 431w\" sizes=\"auto, (max-width: 767px) 100vw, 767px\" \/><\/figure>\n\n\n\n<h3 class=\"wp-block-heading\"><strong><u>Cuarta parada, el Balneario de los Ba\u00f1os del Carmen.<\/u><\/strong><\/h3>\n\n\n\n<p>Los <strong><em>Ba\u00f1os del Carmen \u00f3 la Playa-Balneario Nuestra Se\u00f1ora del Carmen<\/em><\/strong>, tiene una playa con una longitud de 550 m y un  ancho de 5 metros, es de arena oscura y aguas tranquilas.<\/p>\n\n\n\n<p>Los Ba\u00f1os del Carmen est\u00e1 situado en el litoral del distrito Este de la ciudad de M\u00e1laga, Antiguo balneario conformado por un pabell\u00f3n central y zona de ba\u00f1o perimetral consta en la actualidad de una zona de playa, un bar con terraza.<\/p>\n\n\n\n<p><strong>Fue construido sobre los restos del Monte San Telmo en los a\u00f1os 1920 como espacio de ocio para las clases altas <\/strong>de la \u00e9poca. Los Ba\u00f1os del Carmen es uno de los s\u00edmbolos de la ciudad de M\u00e1laga.<\/p>\n\n\n\n<figure class=\"wp-block-image size-full\"><img loading=\"lazy\" decoding=\"async\" width=\"1010\" height=\"715\" src=\"https:\/\/retoglobal.eu\/wp-content\/uploads\/2024\/10\/BDCCampo-futbol.png\" alt=\"\" class=\"wp-image-567\" srcset=\"https:\/\/retoglobal.eu\/wp-content\/uploads\/2024\/10\/BDCCampo-futbol.png 1010w, https:\/\/retoglobal.eu\/wp-content\/uploads\/2024\/10\/BDCCampo-futbol-300x212.png 300w, https:\/\/retoglobal.eu\/wp-content\/uploads\/2024\/10\/BDCCampo-futbol-768x544.png 768w, https:\/\/retoglobal.eu\/wp-content\/uploads\/2024\/10\/BDCCampo-futbol-424x300.png 424w\" sizes=\"auto, (max-width: 1010px) 100vw, 1010px\" \/><\/figure>\n\n\n\n<p>El tir\u00f3n industrial y comercial de la M\u00e1laga del siglo XIX produjo el desarrollo de <strong>grandes obras de infraestructuras como el ferrocarril, los caminos con el interior y la ampliaci\u00f3n del puerto<\/strong>, realizada con piedras procedentes de la <strong>cantera de San Telmo<\/strong>, donde exist\u00eda un <strong>peque\u00f1o puerto conocido como Puerto de la Cantera en el lugar donde hoy se asientan los Ba\u00f1os del Carmen<\/strong>.<\/p>\n\n\n\n<p>Durante el <strong>siglo XIX<\/strong> la clase burguesa adopt\u00f3 el gusto rom\u00e1ntico para los proyectos urban\u00edsticos de la ciudad, como la <strong>Alameda Principal, el Parque y jardines privados como los de La Concepci\u00f3n y El Retiro<\/strong>, antecedentes estil\u00edsticos de los Ba\u00f1os del Carmen. Asimismo, se pusieron de moda las actividades culturales y de ocio como los ba\u00f1os p\u00fablicos.<\/p>\n\n\n\n<p>El balneario de los <strong>Ba\u00f1os del Carmen fue inaugurado el 16 de julio de 1918<\/strong>, tras su construcci\u00f3n sobre unos antiguos ba\u00f1os p\u00fablicos.\u200b <strong><u>Por aquellos a<\/u><\/strong><strong><u>\u00f1<\/u><\/strong><strong><u>os, los ba<\/u><\/strong><strong><u>\u00f1<\/u><\/strong><strong><u>os eran cerrados y hombres y mujeres deb<\/u><\/strong><strong><u>\u00ed<\/u><\/strong><strong><u>an ba<\/u><\/strong><strong><u>\u00f1<\/u><\/strong><strong><u>arse separados por unas esteras que imped<\/u><\/strong><strong><u>\u00ed<\/u><\/strong><strong><u>an la visi<\/u><\/strong><strong><u>\u00f3<\/u><\/strong><strong><u>n<\/u><\/strong>. <strong><u>En los Ba<\/u><\/strong><strong><u>\u00f1<\/u><\/strong><strong><u>os del Carmen se rompi<\/u><\/strong><strong><u>\u00f3<\/u><\/strong><strong><u> por primera vez esa costumbre.<\/u><\/strong><strong><u>\u200b<\/u><\/strong><strong><u><\/u><\/strong><\/p>\n\n\n\n<p>En 1920 se construy\u00f3 un embarcadero y una pantalla para proyectar pel\u00edculas. Su ampliaci\u00f3n continu\u00f3 con la construcci\u00f3n de un restaurante, una puerta de entrada -hoy desaparecida- y <strong>una pista de tenis, donde se celebr\u00f3 el primer torneo de tenis de M\u00e1laga<\/strong>.<\/p>\n\n\n\n<p>En <strong>1922 se dot\u00f3 con el primer campo de f\u00fatbol de M\u00e1laga, que existi\u00f3 hasta 1941<\/strong>.<\/p>\n\n\n\n<p>Contaba adem\u00e1s con una pista de baile de m\u00e1s de 2000 m\u00b2, en la que se ofrec\u00edan conciertos y espect\u00e1culos de ballet cl\u00e1sico y se organizaban verbenas, que hicieron famosas las noches de verano en los ba\u00f1os.\u200b<\/p>\n\n\n\n<figure class=\"wp-block-image size-large\"><img loading=\"lazy\" decoding=\"async\" width=\"1024\" height=\"974\" src=\"https:\/\/retoglobal.eu\/wp-content\/uploads\/2024\/10\/PDCharca-1024x974.png\" alt=\"\" class=\"wp-image-568\" srcset=\"https:\/\/retoglobal.eu\/wp-content\/uploads\/2024\/10\/PDCharca-1024x974.png 1024w, https:\/\/retoglobal.eu\/wp-content\/uploads\/2024\/10\/PDCharca-300x285.png 300w, https:\/\/retoglobal.eu\/wp-content\/uploads\/2024\/10\/PDCharca-768x730.png 768w, https:\/\/retoglobal.eu\/wp-content\/uploads\/2024\/10\/PDCharca-1536x1461.png 1536w, https:\/\/retoglobal.eu\/wp-content\/uploads\/2024\/10\/PDCharca-315x300.png 315w, https:\/\/retoglobal.eu\/wp-content\/uploads\/2024\/10\/PDCharca.png 2040w\" sizes=\"auto, (max-width: 1024px) 100vw, 1024px\" \/><\/figure>\n\n\n\n<h4 class=\"wp-block-heading\"><strong><em><u>Rehabilitaci\u00f3n<\/u><\/em><\/strong><\/h4>\n\n\n\n<p>El proyecto definitivo, es en <strong>junio de 2010<\/strong>, que incluye la regeneraci\u00f3n del litoral y un parque, proyecta la ampliaci\u00f3n de la playa actual y la creaci\u00f3n de otra junto a Pedregalejo, es responsabilidad del <strong>Ministerio de Medio Ambiente y la Demarcaci\u00f3n de Costas.<\/strong><\/p>\n\n\n\n<p>A principios <strong>de 2013, se anuncia a los medios que el proyecto p\u00fablico anterior es inviable por falta de fondos<\/strong>, y <strong><u>la \u00fanica opci\u00f3n v\u00e1lida para la recuperaci\u00f3n y mantenimiento de dicho enclave pasa por la iniciativa privada o, lo que es lo mismo, por la construcci\u00f3n de un hotel y un aparcamiento que \u201crentabilice<\/u><\/strong>\u201d la defensa de un patrimonio.<\/p>\n\n\n\n<p>El resto del plan es muy parecido a lo que ha demandado la ciudadan\u00eda durante estos a\u00f1os y ha sido rechazado repetidas veces en las instancias oficiales por diversos motivos \u00abinsuperables\u00bb, bien topogr\u00e1ficos, bien urban\u00edsticos.<\/p>\n\n\n\n<p>La Direcci\u00f3n General urge a la Junta a que resuelva sobre el futuro de Astilleros Nereo y pide modificaciones al ayuntamiento para el s\u00ed definitivo<\/p>\n\n\n\n<p><strong><u>Previo a las obras, se revocar\u00e1n los permisos de ocupaci\u00f3n y explotaci\u00f3n del Balneario&nbsp;<\/u><\/strong><\/p>\n\n\n\n<p>La espera se viene alargando desde hace d\u00e9cadas.<\/p>\n\n\n\n<p>Ni siquiera el compromiso de las Administraciones p\u00fablicas por allanar la recuperaci\u00f3n del asentamiento, dando forma a un parque terrestre de uso ciudadano y ejecutando las necesarias&nbsp;<a href=\"https:\/\/www.elespanol.com\/malaga\/malaga-ciudad\/20230511\/paso-regenerar-banos-carmen-malaga-pasara-metros\/762923762_0.html\">infraestructuras marinas<\/a>&nbsp;para proteger el espacio de los temporales y crear una playa de hasta 37 metros, ha permitido&nbsp;<strong>desbloquear el camino<\/strong>.<\/p>\n\n\n\n<p><strong>La Direcci\u00f3n General de Costas<\/strong>&nbsp;sigue a la espera del proyecto final del Ayuntamiento de M\u00e1laga, construcci\u00f3n del parque terrestre recogiendo las correcciones \u00abmenores\u00bb que fueron reclamadas por el organismo estatal.&nbsp;<\/p>\n\n\n\n<p>A la recuperaci\u00f3n de la parte de tierra de los Ba\u00f1os del Carmen se debe sumar la construcci\u00f3n de la obra mar\u00edtima, que ya&nbsp;<strong>ha superado el tr\u00e1mite ambiental<\/strong>, lo que supone un avance m\u00e1s que significativo. De hecho, <strong>pasa m\u00e1s de un a\u00f1o sin que hasta el momento el Ministerio de Transici\u00f3n Ecol\u00f3gica haya licitado la contrataci\u00f3n de obra, con una inversi\u00f3n de unos 4 millones de euros.<\/strong><\/p>\n\n\n\n<p>De la actuaci\u00f3n, destaca la apuesta por la construcci\u00f3n de un&nbsp;<strong>espig\u00f3n de 193 metros de longitud al poniente de la playa<\/strong>; la recarga de arena en la playa a poniente de los Ba\u00f1os del Carmen con una aportaci\u00f3n de 73.837,50 metros c\u00fabicos de arena, sin afectar o tocar la denominada zona de roquedal que rodea la explanada donde se ubica el edificio. Esta acci\u00f3n permitir\u00e1 disponer de un ancho medio de 37 metros, 27 metros m\u00e1s que la anchura de playa actual.&nbsp;<\/p>\n\n\n\n<p>El aporte de la arena est\u00e1 generando ciertas dificultades a Costas, no est\u00e1 claro de<strong> qu\u00e9 puntos se va a extraer.<\/strong><\/p>\n\n\n\n<p><strong><u>El Restaurante cuenta con&nbsp;autorizaciones en precario&nbsp;y&nbsp; temporal por parte de la&nbsp;<\/u><\/strong><a href=\"https:\/\/www.elespanol.com\/malaga\/malaga-ciudad\/20230227\/junta-adjudicar-concurso-concesion-restaurante-banos-carmen\/744425639_0.html\"><strong>Junta de Andaluc\u00eda<\/strong><\/a><strong> por lo que se abre la puerta a que desde la Administraci\u00f3n regional se pudiera activar un concurso p\u00fablico para otorgar una concesi\u00f3n definitiva.<\/strong><\/p>\n\n\n\n<figure class=\"wp-block-image size-large\"><img loading=\"lazy\" decoding=\"async\" width=\"1024\" height=\"576\" src=\"https:\/\/retoglobal.eu\/wp-content\/uploads\/2024\/10\/BDC-Proyecto-1024x576.jpg\" alt=\"\" class=\"wp-image-569\" srcset=\"https:\/\/retoglobal.eu\/wp-content\/uploads\/2024\/10\/BDC-Proyecto-1024x576.jpg 1024w, https:\/\/retoglobal.eu\/wp-content\/uploads\/2024\/10\/BDC-Proyecto-300x169.jpg 300w, https:\/\/retoglobal.eu\/wp-content\/uploads\/2024\/10\/BDC-Proyecto-768x432.jpg 768w, https:\/\/retoglobal.eu\/wp-content\/uploads\/2024\/10\/BDC-Proyecto-431x242.jpg 431w, https:\/\/retoglobal.eu\/wp-content\/uploads\/2024\/10\/BDC-Proyecto.jpg 1280w\" sizes=\"auto, (max-width: 1024px) 100vw, 1024px\" \/><\/figure>\n\n\n\n<p><\/p>\n\n\n\n<p><\/p>\n","protected":false},"excerpt":{"rendered":"<p>Dentro del II M\u00e1laga Ecofestival, el mi\u00e9rcoles 25 de septiembre a las 18:30hs.hicimos una ruta del clima con el siguiente itinerario, Paseo Mar\u00edtimo El Palo &hellip;<\/p>\n","protected":false},"author":1,"featured_media":0,"comment_status":"closed","ping_status":"closed","sticky":false,"template":"","format":"standard","meta":{"footnotes":""},"categories":[1],"tags":[],"class_list":["post-559","post","type-post","status-publish","format-standard","hentry","category-blog"],"_links":{"self":[{"href":"https:\/\/retoglobal.eu\/index.php\/wp-json\/wp\/v2\/posts\/559","targetHints":{"allow":["GET"]}}],"collection":[{"href":"https:\/\/retoglobal.eu\/index.php\/wp-json\/wp\/v2\/posts"}],"about":[{"href":"https:\/\/retoglobal.eu\/index.php\/wp-json\/wp\/v2\/types\/post"}],"author":[{"embeddable":true,"href":"https:\/\/retoglobal.eu\/index.php\/wp-json\/wp\/v2\/users\/1"}],"replies":[{"embeddable":true,"href":"https:\/\/retoglobal.eu\/index.php\/wp-json\/wp\/v2\/comments?post=559"}],"version-history":[{"count":2,"href":"https:\/\/retoglobal.eu\/index.php\/wp-json\/wp\/v2\/posts\/559\/revisions"}],"predecessor-version":[{"id":580,"href":"https:\/\/retoglobal.eu\/index.php\/wp-json\/wp\/v2\/posts\/559\/revisions\/580"}],"wp:attachment":[{"href":"https:\/\/retoglobal.eu\/index.php\/wp-json\/wp\/v2\/media?parent=559"}],"wp:term":[{"taxonomy":"category","embeddable":true,"href":"https:\/\/retoglobal.eu\/index.php\/wp-json\/wp\/v2\/categories?post=559"},{"taxonomy":"post_tag","embeddable":true,"href":"https:\/\/retoglobal.eu\/index.php\/wp-json\/wp\/v2\/tags?post=559"}],"curies":[{"name":"wp","href":"https:\/\/api.w.org\/{rel}","templated":true}]}}