{"id":530,"date":"2024-06-19T19:06:47","date_gmt":"2024-06-19T17:06:47","guid":{"rendered":"https:\/\/retoglobal.eu\/?p=530"},"modified":"2025-06-24T11:48:29","modified_gmt":"2025-06-24T09:48:29","slug":"presentacion-del-libro-el-arbol-ausente","status":"publish","type":"post","link":"https:\/\/retoglobal.eu\/index.php\/2024\/06\/19\/presentacion-del-libro-el-arbol-ausente\/","title":{"rendered":"Presentaci\u00f3n del libro \u00abEl \u00c1rbol Ausente\u00bb"},"content":{"rendered":"\n<p>El barrio de La Cala del Moral en Rinc\u00f3n de la Victoria,  fue testigo el pasado s\u00e1bado 15 de junio, en el Sal\u00f3n de Actos del Hotel Cala Bah\u00eda, de la \u201cexitosa\u201d presentaci\u00f3n del libro \u201cEl \u00e1rbol ausente\u201d, resultante del <strong>II Certamen literario Internacional \u201cGloria Fuertes y el mundo de los \u00e1rboles\u201d<\/strong>, proceso que llev\u00f3 a cabo la Asociaci\u00f3n Moral y Acci\u00f3n Verde.<\/p>\n\n\n\n<p>M\u00e1s de 340 personas desde 23 pa\u00edses, participaron en este II Certamen Literario Internacional con la tem\u00e1tica \u201cEl \u00e1rbol ausente\u201d, haciendo llegar sus textos desde donde un jurado de ocho personas, seleccionaron los m\u00e1s de 70 trabajos que integran el libro.<\/p>\n\n\n\n<p>Certamen que naci\u00f3 como respuesta a la \u201cincomprensible\u201d actuaci\u00f3n del actual alcalde de Rinc\u00f3n de la Victoria y su equipo de gobierno, de sustituir la sombra de los frondosos y caracter\u00edsticos \u00e1rboles como las moreras que dan nombre al pueblo o ficus de la calle principal del pueblo, la Avenida de M\u00e1laga, por los \u201cex\u00f3ticos\u201d cocoteros, cocos plumosos o arecastrum.<\/p>\n\n\n\n<p>Las formas, los m\u00e9todos y la violencia utilizada por las fuerzas policiales e institucionales durante el oto\u00f1o de 2020 contra la gente llana del pueblo, nos hicieron recordar a \u00e9pocas, esperamos, pasadas y superadas.; hicieron que aquellas participantes que ped\u00edan simplemente \u201csentido com\u00fan\u201d sean las que llevan adelante este tipo de cert\u00e1menes culturales internacionales.<\/p>\n\n\n\n<p>Al llegar nos recibe en cada uno de los asientos, una nota recordando y comparando el estado de la Av. De M\u00e1laga en 2020 y en la actualidad, hasta la parada de taxis ya no est\u00e1 en su sitio original por falta de sombra.<\/p>\n\n\n<div class=\"wp-block-image\">\n<figure class=\"aligncenter size-large is-resized\"><img loading=\"lazy\" decoding=\"async\" width=\"724\" height=\"1024\" src=\"https:\/\/retoglobal.eu\/wp-content\/uploads\/2024\/06\/NOTA-1-724x1024.jpg\" alt=\"\" class=\"wp-image-532\" style=\"width:398px;height:auto\" srcset=\"https:\/\/retoglobal.eu\/wp-content\/uploads\/2024\/06\/NOTA-1-724x1024.jpg 724w, https:\/\/retoglobal.eu\/wp-content\/uploads\/2024\/06\/NOTA-1-212x300.jpg 212w, https:\/\/retoglobal.eu\/wp-content\/uploads\/2024\/06\/NOTA-1-768x1086.jpg 768w, https:\/\/retoglobal.eu\/wp-content\/uploads\/2024\/06\/NOTA-1-1087x1536.jpg 1087w, https:\/\/retoglobal.eu\/wp-content\/uploads\/2024\/06\/NOTA-1-1449x2048.jpg 1449w, https:\/\/retoglobal.eu\/wp-content\/uploads\/2024\/06\/NOTA-1.jpg 1654w\" sizes=\"auto, (max-width: 724px) 100vw, 724px\" \/><\/figure>\n<\/div>\n\n\n<p>Una vez en el sal\u00f3n, nos llama gratamente la atenci\u00f3n, la peque\u00f1a muestra de \u201cobras\u201d de <em>Marie Frances L\u00f3pez Contreras<\/em>, con la naturaleza como tem\u00e1tica principal que encontramos al final de la sala y sin duda elevan de nivel la presentaci\u00f3n.<\/p>\n\n\n\n<figure class=\"wp-block-image size-large\"><img loading=\"lazy\" decoding=\"async\" width=\"1024\" height=\"576\" src=\"https:\/\/retoglobal.eu\/wp-content\/uploads\/2024\/06\/Muestra-5-1024x576.jpg\" alt=\"\" class=\"wp-image-533\" srcset=\"https:\/\/retoglobal.eu\/wp-content\/uploads\/2024\/06\/Muestra-5-1024x576.jpg 1024w, https:\/\/retoglobal.eu\/wp-content\/uploads\/2024\/06\/Muestra-5-300x169.jpg 300w, https:\/\/retoglobal.eu\/wp-content\/uploads\/2024\/06\/Muestra-5-768x432.jpg 768w, https:\/\/retoglobal.eu\/wp-content\/uploads\/2024\/06\/Muestra-5-431x242.jpg 431w, https:\/\/retoglobal.eu\/wp-content\/uploads\/2024\/06\/Muestra-5.jpg 1280w\" sizes=\"auto, (max-width: 1024px) 100vw, 1024px\" \/><\/figure>\n\n\n\n<p>En la presentaci\u00f3n del libro se hace referencia en una mezcla de sensaciones y sentimientos, desde aquellos hechos del oto\u00f1o 2020 a nuestros d\u00edas y apelando al gran Eduardo Galeano,<\/p>\n\n\n\n<blockquote class=\"wp-block-quote is-layout-flow wp-block-quote-is-layout-flow\">\n<p><strong><em>\u201cMucha gente peque\u00f1a, en lugares peque\u00f1os, haciendo cosas peque\u00f1as, pueden cambiar el mundo\u201d.<\/em><\/strong><\/p>\n<cite>Eduardo Galeano<\/cite><\/blockquote>\n\n\n\n<p>Una vez llegados al presente, se da paso a la lectura de algunos de los poemas presentes en libro, con el lujo de la voz mismas de las personas protagonistas.<\/p>\n\n\n<div class=\"wp-block-image\">\n<figure class=\"aligncenter size-large is-resized\"><img loading=\"lazy\" decoding=\"async\" width=\"1024\" height=\"983\" src=\"https:\/\/retoglobal.eu\/wp-content\/uploads\/2024\/06\/Ana-2-1024x983.png\" alt=\"\" class=\"wp-image-534\" style=\"width:410px;height:auto\" srcset=\"https:\/\/retoglobal.eu\/wp-content\/uploads\/2024\/06\/Ana-2-1024x983.png 1024w, https:\/\/retoglobal.eu\/wp-content\/uploads\/2024\/06\/Ana-2-300x288.png 300w, https:\/\/retoglobal.eu\/wp-content\/uploads\/2024\/06\/Ana-2-768x737.png 768w, https:\/\/retoglobal.eu\/wp-content\/uploads\/2024\/06\/Ana-2-1536x1475.png 1536w, https:\/\/retoglobal.eu\/wp-content\/uploads\/2024\/06\/Ana-2-312x300.png 312w, https:\/\/retoglobal.eu\/wp-content\/uploads\/2024\/06\/Ana-2.png 2009w\" sizes=\"auto, (max-width: 1024px) 100vw, 1024px\" \/><\/figure>\n<\/div>\n\n\n<p>Entre los textos hasta 13 a\u00f1os comienza la lectura con <em>Valeria M\u00aa Claros Mart\u00edn<\/em> de 8 a\u00f1os, de Iznate (M\u00e1laga) y \u201c\u00c9rase una vez\u201d; continu\u00f3 con la lectura de <em>Oliver G\u00e1lvez Mart\u00edn<\/em> de 8 a\u00f1os y \u201cEn una reuni\u00f3n de \u00e1rboles\u201d; para seguir con <em>Adriana G\u00e1lvez Guti\u00e9rrez<\/em> de 10 a\u00f1os y \u201cYo viv\u00eda en una ciudad famosa\u201d; <em>Mayra Mart\u00edn Ramos<\/em> de 8 a\u00f1os \u201c\u00c9rase un peque\u00f1o \u00e1rbol\u201d; <em>Delfina Gianna Funes<\/em> de 9 a\u00f1os \u201cMi historia comienza hace mucho tiempo\u201d; <em>Julio Mart\u00ednez L\u00f3pez<\/em> de 7 a\u00f1os \u201cEl \u00e1rbol embrujado\u201d; <em>Sof\u00eda El-Abdellah Gera<\/em> de 7 a\u00f1os de Torre de Benagalb\u00f3n \u201cAmistad en el bosque\u201d; <em>Hugo<\/em> que nos ley\u00f3 el texto presentado por <em>Marcos Valga\u00f1on Bueno<\/em> de 7 a\u00f1os \u201cEl nuevo \u00e1rbol\u201d.<\/p>\n\n\n\n<p>Entre los textos de 18 a\u00f1os o m\u00e1s, contamos con la emotiva participaci\u00f3n de Don <em>Rafael Ram\u00f3n Arroyo Nadales<\/em> de 90 a\u00f1os que nos deleit\u00f3 con \u201cSi quieres tener p\u00e1jaros en el jard\u00edn\u201d y con <em>Marie Frances L\u00f3pez Contreras<\/em> con \u201cLos olivos de mi infancia\u201d<\/p>\n\n\n\n<figure class=\"wp-block-image size-large\"><img loading=\"lazy\" decoding=\"async\" width=\"1024\" height=\"588\" src=\"https:\/\/retoglobal.eu\/wp-content\/uploads\/2024\/06\/Publico10-1024x588.png\" alt=\"\" class=\"wp-image-535\" srcset=\"https:\/\/retoglobal.eu\/wp-content\/uploads\/2024\/06\/Publico10-1024x588.png 1024w, https:\/\/retoglobal.eu\/wp-content\/uploads\/2024\/06\/Publico10-300x172.png 300w, https:\/\/retoglobal.eu\/wp-content\/uploads\/2024\/06\/Publico10-768x441.png 768w, https:\/\/retoglobal.eu\/wp-content\/uploads\/2024\/06\/Publico10-1536x882.png 1536w, https:\/\/retoglobal.eu\/wp-content\/uploads\/2024\/06\/Publico10-2048x1176.png 2048w, https:\/\/retoglobal.eu\/wp-content\/uploads\/2024\/06\/Publico10-431x247.png 431w\" sizes=\"auto, (max-width: 1024px) 100vw, 1024px\" \/><\/figure>\n\n\n\n<p>Las personas participantes en este certamen han trasmitido con sus relatos, con sus poemas y con sus dibujos, nada m\u00e1s, pero nada menos que sus propios sentimientos, vivencias y experiencias plasmadas en papel. Tambi\u00e9n hubo reconocimientos por el apoyo al certamen, al proceso de creaci\u00f3n del libro \u201cEl \u00e1rbol ausente\u201d, un libro que presenta como portada una imagen realizada por <em>Shiyu Shao<\/em> de 13 a\u00f1os, del Colegio San Jos\u00e9 de M\u00e1laga y una contraportada de <em>Luc\u00eda Rodrigo<\/em> de 11 a\u00f1os, un agradecimiento a las ilustraciones de <em>Lola S\u00e1nchez<\/em>, otro agradecimiento a la participaci\u00f3n desinteresada de las ocho personas miembros del jurado, otra menci\u00f3n y reconocimiento muy emotiva a la memoria de <em>Pepe<\/em> que recibi\u00f3 en mano su viuda <em>Rita<\/em>, agradecimientos a asociaciones, a movimientos como el de <em>La Vega de Mestanza<\/em> y su lucha por la preservaci\u00f3n de la Vega, al periodista <em>David Bollero<\/em>, a <em>Rai<\/em>, a <em>Inma G\u00f3mez<\/em>, a colegios, a maestras y profesores por su implicaci\u00f3n y otra emotiva lectura de <em>Luz Castillo<\/em> en recuerdo de <em>Blanca<\/em>.<\/p>\n\n\n\n<figure class=\"wp-block-image size-large\"><img loading=\"lazy\" decoding=\"async\" width=\"1024\" height=\"576\" src=\"https:\/\/retoglobal.eu\/wp-content\/uploads\/2024\/06\/Libro-1024x576.jpg\" alt=\"\" class=\"wp-image-536\" srcset=\"https:\/\/retoglobal.eu\/wp-content\/uploads\/2024\/06\/Libro-1024x576.jpg 1024w, https:\/\/retoglobal.eu\/wp-content\/uploads\/2024\/06\/Libro-300x169.jpg 300w, https:\/\/retoglobal.eu\/wp-content\/uploads\/2024\/06\/Libro-768x432.jpg 768w, https:\/\/retoglobal.eu\/wp-content\/uploads\/2024\/06\/Libro-431x242.jpg 431w, https:\/\/retoglobal.eu\/wp-content\/uploads\/2024\/06\/Libro.jpg 1280w\" sizes=\"auto, (max-width: 1024px) 100vw, 1024px\" \/><\/figure>\n\n\n\n<p>Una tarde perfecta y emotiva donde pudimos disfrutar de un cierre musical al nivel de la presentaci\u00f3n, con tres temas maravillosamente interpretados por Andrea Marchena.<\/p>\n\n\n<div class=\"wp-block-image\">\n<figure class=\"aligncenter size-large is-resized\"><img loading=\"lazy\" decoding=\"async\" width=\"1024\" height=\"891\" src=\"https:\/\/retoglobal.eu\/wp-content\/uploads\/2024\/06\/AM11-1024x891.png\" alt=\"\" class=\"wp-image-537\" style=\"width:437px;height:auto\" srcset=\"https:\/\/retoglobal.eu\/wp-content\/uploads\/2024\/06\/AM11-1024x891.png 1024w, https:\/\/retoglobal.eu\/wp-content\/uploads\/2024\/06\/AM11-300x261.png 300w, https:\/\/retoglobal.eu\/wp-content\/uploads\/2024\/06\/AM11-768x668.png 768w, https:\/\/retoglobal.eu\/wp-content\/uploads\/2024\/06\/AM11-1536x1336.png 1536w, https:\/\/retoglobal.eu\/wp-content\/uploads\/2024\/06\/AM11-345x300.png 345w, https:\/\/retoglobal.eu\/wp-content\/uploads\/2024\/06\/AM11.png 1905w\" sizes=\"auto, (max-width: 1024px) 100vw, 1024px\" \/><\/figure>\n<\/div>\n\n\n<p>Culmin\u00f3 el acto con una sensaci\u00f3n de tranquilidad y paz, tan anhelada en estos tiempos, reafirmando la convicci\u00f3n de que la cultura es la herramienta m\u00e1s poderosa y eficaz para promover la educaci\u00f3n, en especial, la conciencia ambiental. Los valores de sostenibilidad y preservaci\u00f3n del medio ambiente adquieren mayor relevancia cuando se promueven desde el \u00e1mbito cultural y como en este caso, la iniciativa busca crear conciencia con el ejemplo, destacando la importancia del \u00e1rbol en nuestras vidas y previniendo que acciones nefastas como la del oto\u00f1o de 2020 no se repitan.<\/p>\n\n\n\n<p>Nuestra profunda emoci\u00f3n y admiraci\u00f3n por el modelo ejemplar de \u00ab<strong>Las Locas de la Cala<\/strong>\u00ab, quienes con su f\u00e9rrea convicci\u00f3n y sin m\u00e1s apoyo que su propio entusiasmo, traen la inspiraci\u00f3n global para aplicarla a lo local.<\/p>\n\n\n\n<p>Asociaci\u00f3n <strong>\u201cMoral y Acci\u00f3n Verde\u201d<\/strong><\/p>\n\n\n\n<p>La Cala del Moral, 15 de junio de 2024.<\/p>\n","protected":false},"excerpt":{"rendered":"<p>El barrio de La Cala del Moral en Rinc\u00f3n de la Victoria, fue testigo el pasado s\u00e1bado 15 de junio, en el Sal\u00f3n de Actos &hellip;<\/p>\n","protected":false},"author":1,"featured_media":0,"comment_status":"closed","ping_status":"closed","sticky":false,"template":"","format":"standard","meta":{"footnotes":""},"categories":[1],"tags":[74,73,48,75,6],"class_list":["post-530","post","type-post","status-publish","format-standard","hentry","category-blog","tag-asociacion-moral-y-accion-verde","tag-cultura","tag-impacto","tag-la-cala-no-se-tala","tag-perdida-de-biodiversidad"],"_links":{"self":[{"href":"https:\/\/retoglobal.eu\/index.php\/wp-json\/wp\/v2\/posts\/530","targetHints":{"allow":["GET"]}}],"collection":[{"href":"https:\/\/retoglobal.eu\/index.php\/wp-json\/wp\/v2\/posts"}],"about":[{"href":"https:\/\/retoglobal.eu\/index.php\/wp-json\/wp\/v2\/types\/post"}],"author":[{"embeddable":true,"href":"https:\/\/retoglobal.eu\/index.php\/wp-json\/wp\/v2\/users\/1"}],"replies":[{"embeddable":true,"href":"https:\/\/retoglobal.eu\/index.php\/wp-json\/wp\/v2\/comments?post=530"}],"version-history":[{"count":2,"href":"https:\/\/retoglobal.eu\/index.php\/wp-json\/wp\/v2\/posts\/530\/revisions"}],"predecessor-version":[{"id":539,"href":"https:\/\/retoglobal.eu\/index.php\/wp-json\/wp\/v2\/posts\/530\/revisions\/539"}],"wp:attachment":[{"href":"https:\/\/retoglobal.eu\/index.php\/wp-json\/wp\/v2\/media?parent=530"}],"wp:term":[{"taxonomy":"category","embeddable":true,"href":"https:\/\/retoglobal.eu\/index.php\/wp-json\/wp\/v2\/categories?post=530"},{"taxonomy":"post_tag","embeddable":true,"href":"https:\/\/retoglobal.eu\/index.php\/wp-json\/wp\/v2\/tags?post=530"}],"curies":[{"name":"wp","href":"https:\/\/api.w.org\/{rel}","templated":true}]}}