{"id":456,"date":"2024-05-22T09:58:23","date_gmt":"2024-05-22T07:58:23","guid":{"rendered":"https:\/\/retoglobal.eu\/?p=456"},"modified":"2025-06-24T11:48:56","modified_gmt":"2025-06-24T09:48:56","slug":"ruta-del-clima-malaga","status":"publish","type":"post","link":"https:\/\/retoglobal.eu\/index.php\/2024\/05\/22\/ruta-del-clima-malaga\/","title":{"rendered":"Ruta del Clima, M\u00e1laga."},"content":{"rendered":"\n<h2 class=\"wp-block-heading\">Ruta del Clima Zona Este, M\u00e1laga. Viernes 31 de mayo a las 18Horas.<\/h2>\n\n\n\n<div class=\"wp-block-group is-vertical is-layout-flex wp-container-core-group-is-layout-8cf370e7 wp-block-group-is-layout-flex\">\n<p>En el marco del proyecto \u00abLa Ruta del Clima\u00bb, llevamos a cabo una jornada educativa y participativa centrada en la emergencia clim\u00e1tica en el litoral este de M\u00e1laga.<\/p>\n\n\n\n<p><\/p>\n\n\n\n<p>Esta actividad reuni\u00f3 a 13 personas, incluyendo participantes internacionales de M\u00e9xico, Brasil, Colombia y Estados Unidos, as\u00ed como docentes e investigadores de la Universidad de M\u00e1laga (UMA) y miembros de&nbsp;<a href=\"https:\/\/www.linkedin.com\/company\/socialclimate\/\">Social Climate &#8211; Social innovation for climate action<\/a>.<\/p>\n\n\n\n<p><br>El recorrido urbano f\u00e1cil, con nivel 2 de dificultad, de 4,5 Km. y de dos horas y media,  con un itinerario entre el <strong><em>Balneario Ba\u00f1os del Carmen<\/em><\/strong> y el <strong><em>Pe\u00f1\u00f3n del Cuervo<\/em><\/strong>.<\/p>\n\n\n\n<p><\/p>\n\n\n\n<figure class=\"wp-block-image size-full\"><img decoding=\"async\" src=\"https:\/\/retoglobal.eu\/wp-content\/uploads\/2024\/06\/image.png\" alt=\"\" class=\"wp-image-466\"\/><\/figure>\n\n\n\n<p><\/p>\n\n\n\n<p class=\"has-text-align-center\"><strong><em>Intentamos que este tipo de jornadas sean ejemplo de c\u00f3mo la educaci\u00f3n ambiental y la cooperaci\u00f3n pueden contribuir a la acci\u00f3n clim\u00e1tica, a la concienciaci\u00f3n sobre la contaminaci\u00f3n y la p\u00e9rdida de biodiversidad y al desarrollo de comunidades m\u00e1s resilientes y sostenibles.<\/em><\/strong><\/p>\n\n\n\n<h2 class=\"wp-block-heading\"><strong>Desarrollo,<\/strong><\/h2>\n\n\n\n<h3 class=\"wp-block-heading\"><strong>1\u00ba parada, Balneario Ba\u00f1os del Carmen.<\/strong> <\/h3>\n\n\n\n<p>1.1&nbsp;&nbsp;&nbsp; PUNTO DE ENCUENTRO Y PARTIDA.<\/p>\n\n\n\n<p>1.2&nbsp;&nbsp;&nbsp; INTRODUCCI\u00d3N Y DESCRIPCI\u00d3N DEL RECORRIDO.<\/p>\n\n\n\n<p>1.3&nbsp;&nbsp;&nbsp; CAMBIO CLIM\u00c1TICO Y LITORAL ESTE.<\/p>\n\n\n\n<p>\u2022 \u00bfQu\u00e9 es el cambio clim\u00e1tico? Causas.<\/p>\n<\/div>\n\n\n\n<div class=\"wp-block-group is-vertical is-layout-flex wp-container-core-group-is-layout-8cf370e7 wp-block-group-is-layout-flex\">\n<p>\u2022 El litoral este como motor social y econ\u00f3mico en la historia de M\u00e1laga.<\/p>\n\n\n\n<p>\u2022 Urbanizaci\u00f3n, nivel adquisitivo y emisiones en el litoral Malague\u00f1o, contrastes.<\/p>\n\n\n\n<p><strong><em>Objetivos generales<\/em><\/strong><\/p>\n\n\n\n<p>1. Conocer de manera general el contexto hist\u00f3rico, econ\u00f3mico y social del litoral Este.<\/p>\n\n\n\n<p>2. Identificar causas de la crisis clim\u00e1tica actual en el entorno y sus consecuencias.<\/p>\n\n\n\n<p><strong><em>Objetivos espec\u00edficos<\/em><\/strong><\/p>\n\n\n\n<p>1. Afianzar conceptos sobre cambio clim\u00e1tico, calentamiento global, GEI, etc.<\/p>\n\n\n\n<p>2. Conocer la historia y evoluci\u00f3n del litoral este malague\u00f1o.<\/p>\n\n\n\n<p>3. Analizar la relaci\u00f3n entre urbanizaci\u00f3n y deterioro ambiental como agravante de la crisis clim\u00e1tica, evoluci\u00f3n y contrastes.<\/p>\n\n\n\n<p>4. Debatir sobre justicia eco-social, exponiendo como ejemplo local el v\u00ednculo y evoluci\u00f3n del nivel adquisitivo y emisiones de CO2.<\/p>\n\n\n\n<p>5. Curiosidades.<\/p>\n\n\n\n<ul class=\"wp-block-list\">\n<li>Balneario, proyecto.<\/li>\n\n\n\n<li>Campo de futbol del CD. Malacitano, historia, fotos.<\/li>\n\n\n\n<li>Astilleros Nereo.<\/li>\n\n\n\n<li>Limonium Malacitanum, en peligro de extinci\u00f3n.<\/li>\n<\/ul>\n<\/div>\n\n\n\n<figure class=\"wp-block-image size-full\"><img loading=\"lazy\" decoding=\"async\" width=\"822\" height=\"580\" src=\"https:\/\/retoglobal.eu\/wp-content\/uploads\/2024\/05\/Ruta3.png\" alt=\"\" class=\"wp-image-468\" srcset=\"https:\/\/retoglobal.eu\/wp-content\/uploads\/2024\/05\/Ruta3.png 822w, https:\/\/retoglobal.eu\/wp-content\/uploads\/2024\/05\/Ruta3-300x212.png 300w, https:\/\/retoglobal.eu\/wp-content\/uploads\/2024\/05\/Ruta3-768x542.png 768w, https:\/\/retoglobal.eu\/wp-content\/uploads\/2024\/05\/Ruta3-425x300.png 425w\" sizes=\"auto, (max-width: 822px) 100vw, 822px\" \/><figcaption class=\"wp-element-caption\">Balneario Ba\u00f1os del Carmen<\/figcaption><\/figure>\n\n\n\n<div class=\"wp-block-group is-vertical is-layout-flex wp-container-core-group-is-layout-8cf370e7 wp-block-group-is-layout-flex\">\n<h3 class=\"wp-block-heading\"><strong>2\u00ba parada, Pedregalejo<\/strong>, esencia burguesa y marinera.<\/h3>\n\n\n\n<p>2.1 CAMBIO CLIM\u00c1TICO Y EMISIONES GEI<\/p>\n\n\n\n<p>\u2022 Siglo XIX y XX, evoluci\u00f3n y contrastes sociales.<\/p>\n\n\n\n<p>\u2022 Turismo y cambio clim\u00e1tico en la Costa del Sol.<\/p>\n\n\n\n<p><strong><em>Actividad:<\/em><\/strong> \u00bfBendito turismo?<\/p>\n\n\n\n<p><strong><em>Objetivos generales<\/em><\/strong><\/p>\n\n\n\n<p>1. Conocer relaci\u00f3n entre emisiones de GEI, econom\u00eda y cambio clim\u00e1tico a trav\u00e9s del contexto hist\u00f3rico y actual: causas del cambio clim\u00e1tico actual.<\/p>\n\n\n\n<p><strong><em>Objetivos espec\u00edficos<\/em><\/strong><\/p>\n\n\n\n<p>1. Relatar la evoluci\u00f3n y contrastes sociales locales en el siglo XIX y XX, la esencia burguesa y marinera de Pedregalejo.<\/p>\n\n\n\n<p>2. Analizar los cambios sociales, la evoluci\u00f3n hasta el d\u00eda de hoy, turismo, hosteler\u00eda, escuelas de idiomas, etc., modelos productivos e impacto ambiental.<\/p>\n\n\n\n<p>3. Tomar consciencia sobre nuestra influencia en la problem\u00e1tica relacionada con la globalizaci\u00f3n a trav\u00e9s de la actividad participativa propuesta.<\/p>\n\n\n\n<p>4. Curiosidades.<\/p>\n\n\n\n<ul class=\"wp-block-list\">\n<li>Origen del nombre.<\/li>\n<\/ul>\n\n\n\n<figure class=\"wp-block-image size-large\"><img loading=\"lazy\" decoding=\"async\" width=\"1024\" height=\"573\" src=\"https:\/\/retoglobal.eu\/wp-content\/uploads\/2024\/06\/Ruta1-1024x573.png\" alt=\"\" class=\"wp-image-470\" srcset=\"https:\/\/retoglobal.eu\/wp-content\/uploads\/2024\/06\/Ruta1-1024x573.png 1024w, https:\/\/retoglobal.eu\/wp-content\/uploads\/2024\/06\/Ruta1-300x168.png 300w, https:\/\/retoglobal.eu\/wp-content\/uploads\/2024\/06\/Ruta1-768x430.png 768w, https:\/\/retoglobal.eu\/wp-content\/uploads\/2024\/06\/Ruta1-431x241.png 431w, https:\/\/retoglobal.eu\/wp-content\/uploads\/2024\/06\/Ruta1.png 1155w\" sizes=\"auto, (max-width: 1024px) 100vw, 1024px\" \/><\/figure>\n<\/div>\n\n\n\n<div class=\"wp-block-group is-vertical is-layout-flex wp-container-core-group-is-layout-8cf370e7 wp-block-group-is-layout-flex\">\n<div class=\"wp-block-group is-vertical is-layout-flex wp-container-core-group-is-layout-8cf370e7 wp-block-group-is-layout-flex\">\n<h3 class=\"wp-block-heading\"><strong>3\u00ba parada, El Palo<\/strong>, Mucho m\u00e1s que un barrio de pescadores.<\/h3>\n\n\n\n<p>3.1 RIESGO CLIM\u00c1TICO: AMENAZAS Y VULNERABILIDADES<\/p>\n\n\n\n<p>\u2022 Conceptos<\/p>\n\n\n\n<p>\u2022 Mapa de zonas de vulnerabilidad clim\u00e1tica en M\u00e1laga (OMAU)<\/p>\n\n\n\n<p>3.2 ACTIVIDAD PESQUERA<\/p>\n\n\n\n<p>\u2022 Especies en peligro en la provincia y cambio clim\u00e1tico.<\/p>\n\n\n\n<p>\u2022 Como afecta a El Palo y a M\u00e1laga.<\/p>\n\n\n\n<p><strong><em>Objetivos generales<\/em><\/strong><\/p>\n\n\n\n<p>1. Evaluar c\u00f3mo los eventos clim\u00e1ticos extremos y el cambio clim\u00e1tico pueden afectar a la comunidad y el entorno local.<\/p>\n\n\n\n<p>2. Promover la conciencia p\u00fablica sobre la importancia de la adaptaci\u00f3n y la mitigaci\u00f3n del cambio clim\u00e1tico a nivel local.<\/p>\n\n\n\n<p>3. Que posibilidades de desarrollo tiene la econom\u00eda azul y que beneficios puede traer a la ciudad de M\u00e1laga.<\/p>\n\n\n\n<p>4. Analizamos el riesgo clim\u00e1tico y la importancia de la econom\u00eda azul y el desarrollo pesquero de la Costa Malague\u00f1a.<\/p>\n\n\n\n<p><strong><em>Objetivos espec\u00edficos<\/em><\/strong><\/p>\n\n\n\n<p>1. Definir claramente los conceptos de impacto, riesgo y vulnerabilidad clim\u00e1tica y aplicarlos en el contexto del barrio.<\/p>\n\n\n\n<p>2. Identificar los sectores y recursos m\u00e1s vulnerables ante el cambio clim\u00e1tico en las barriadas.<\/p>\n\n\n\n<p>3. Analizar la historia y las consecuencias de la disminuci\u00f3n y\/o desaparici\u00f3n de la producci\u00f3n pesquera y c\u00f3mo el cambio clim\u00e1tico puede influir en futuras amenazas similares (producci\u00f3n alimentaria).<\/p>\n\n\n\n<p>4. Curiosidades.<\/p>\n<\/div>\n\n\n\n<ul class=\"wp-block-list\">\n<li>Origen del nombre.<\/li>\n<\/ul>\n\n\n\n<figure class=\"wp-block-image size-full\"><img loading=\"lazy\" decoding=\"async\" width=\"955\" height=\"553\" src=\"https:\/\/retoglobal.eu\/wp-content\/uploads\/2024\/06\/Ruta4.png\" alt=\"\" class=\"wp-image-471\" srcset=\"https:\/\/retoglobal.eu\/wp-content\/uploads\/2024\/06\/Ruta4.png 955w, https:\/\/retoglobal.eu\/wp-content\/uploads\/2024\/06\/Ruta4-300x174.png 300w, https:\/\/retoglobal.eu\/wp-content\/uploads\/2024\/06\/Ruta4-768x445.png 768w, https:\/\/retoglobal.eu\/wp-content\/uploads\/2024\/06\/Ruta4-431x250.png 431w\" sizes=\"auto, (max-width: 955px) 100vw, 955px\" \/><\/figure>\n\n\n\n<h3 class=\"wp-block-heading\"><strong>4\u00ba parada, Pe\u00f1\u00f3n del Cuervo<\/strong><\/h3>\n\n\n\n<p>4.1 PE\u00d1ON DEL CUERVO<\/p>\n\n\n\n<p>\u2022 Contexto hist\u00f3rico.<\/p>\n\n\n\n<p>\u2022 Valor ecosist\u00e9mico, cultural, recreativo, est\u00e9tico, refugio de biodiversidad.<\/p>\n\n\n\n<p><strong><em>Actividad<\/em><\/strong>: \u00bfAlg\u00fan valor m\u00e1s?<\/p>\n\n\n\n<p>4.2 LIMONIUM MALACITANUM,<\/p>\n\n\n\n<p><strong><em>Actividad:<\/em><\/strong> B\u00fasqueda del tesoro.<\/p>\n\n\n\n<p>4.3 CEMENTERA DE LA ARA\u00d1A<\/p>\n\n\n\n<p>\u2022 La industria en el entorno.<\/p>\n\n\n\n<p>\u2022 Consecuencias, valoraciones.<\/p>\n\n\n\n<p><strong><em>Objetivos generales<\/em><\/strong><\/p>\n\n\n\n<p>1. Conocer los valores culturales, recreativos, ecosist\u00e9micos, etc., del Pe\u00f1\u00f3n del Cuervo.<\/p>\n\n\n\n<p>2. Conocer e identificar los principales generadores de GEI\u00b4s en la provincia.<\/p>\n\n\n\n<p>3. Identificar las especies en peligro de extinci\u00f3n presentes en la provincia y evaluar su futuro.<\/p>\n\n\n\n<p><strong><em>Objetivos espec\u00edficos<\/em><\/strong><\/p>\n\n\n\n<p>1. Desarrollar el pensamiento cr\u00edtico sobre la importancia del cuidado del medio ambiente ante el \u201cprogreso\u201d, sus industrias y sus generadores de ingresos.<\/p>\n\n\n\n<p>2. Analizar otras alternativas de desarrollo sostenibles posibles en la zona litoral Este.<\/p>\n\n\n\n<p>3. Curiosidades.<\/p>\n\n\n\n<ul class=\"wp-block-list\">\n<li>Origen del nombre.<\/li>\n\n\n\n<li>Puerto de El Candado.<\/li>\n\n\n\n<li>Paseo de los canadienses, La Desband\u00e1.<\/li>\n<\/ul>\n\n\n\n<p><\/p>\n<\/div>\n\n\n\n<figure class=\"wp-block-image size-full\"><img loading=\"lazy\" decoding=\"async\" width=\"646\" height=\"429\" src=\"https:\/\/retoglobal.eu\/wp-content\/uploads\/2024\/06\/Penon1.png\" alt=\"\" class=\"wp-image-473\" srcset=\"https:\/\/retoglobal.eu\/wp-content\/uploads\/2024\/06\/Penon1.png 646w, https:\/\/retoglobal.eu\/wp-content\/uploads\/2024\/06\/Penon1-300x199.png 300w, https:\/\/retoglobal.eu\/wp-content\/uploads\/2024\/06\/Penon1-431x286.png 431w\" sizes=\"auto, (max-width: 646px) 100vw, 646px\" \/><\/figure>\n\n\n\n<blockquote class=\"wp-block-quote is-layout-flow wp-block-quote-is-layout-flow\">\n<p class=\"has-text-align-center\"><strong><em>Intentamos que este tipo de jornadas sean ejemplo de c\u00f3mo la educaci\u00f3n ambiental y la cooperaci\u00f3n pueden contribuir a la acci\u00f3n clim\u00e1tica, a la concienciaci\u00f3n sobre la contaminaci\u00f3n y la p\u00e9rdida de biodiversidad y al desarrollo de comunidades m\u00e1s resilientes y sostenibles.<\/em><\/strong><\/p>\n\n\n\n<p><a href=\"https:\/\/www.linkedin.com\/feed\/hashtag\/?keywords=rutadelclima&amp;highlightedUpdateUrns=urn%3Ali%3Aactivity%3A7203388556319318016\">#Rutadelclima<\/a><a href=\"https:\/\/www.linkedin.com\/feed\/hashtag\/?keywords=cambioclim%C3%A1tico&amp;highlightedUpdateUrns=urn%3Ali%3Aactivity%3A7203388556319318016\">#Cambioclim\u00e1tico<\/a><a href=\"https:\/\/www.linkedin.com\/feed\/hashtag\/?keywords=educaci%C3%B3nambiental&amp;highlightedUpdateUrns=urn%3Ali%3Aactivity%3A7203388556319318016\">#Educaci\u00f3nambiental<\/a><a href=\"https:\/\/www.linkedin.com\/feed\/hashtag\/?keywords=econom%C3%ADaazul&amp;highlightedUpdateUrns=urn%3Ali%3Aactivity%3A7203388556319318016\">#Econom\u00edaazul<\/a><a href=\"https:\/\/www.linkedin.com\/feed\/hashtag\/?keywords=m%C3%A1laga&amp;highlightedUpdateUrns=urn%3Ali%3Aactivity%3A7203388556319318016\">#M\u00e1laga<\/a><a href=\"https:\/\/www.linkedin.com\/feed\/hashtag\/?keywords=sostenibilidad&amp;highlightedUpdateUrns=urn%3Ali%3Aactivity%3A7203388556319318016\">#Sostenibilidad<\/a><a href=\"https:\/\/www.linkedin.com\/feed\/hashtag\/?keywords=acci%C3%B3nclim%C3%A1tica&amp;highlightedUpdateUrns=urn%3Ali%3Aactivity%3A7203388556319318016\">#Acci\u00f3nclim\u00e1tica<\/a><a href=\"https:\/\/www.linkedin.com\/feed\/hashtag\/?keywords=turismoresponsable&amp;highlightedUpdateUrns=urn%3Ali%3Aactivity%3A7203388556319318016\">#Turismoresponsable<\/a><a href=\"https:\/\/www.linkedin.com\/feed\/hashtag\/?keywords=socialclimate&amp;highlightedUpdateUrns=urn%3Ali%3Aactivity%3A7203388556319318016\">#SocialClimate<\/a><\/p>\n<\/blockquote>\n","protected":false},"excerpt":{"rendered":"<p>Ruta del Clima Zona Este, M\u00e1laga. Viernes 31 de mayo a las 18Horas. En el marco del proyecto \u00abLa Ruta del Clima\u00bb, llevamos a cabo &hellip;<\/p>\n","protected":false},"author":1,"featured_media":460,"comment_status":"closed","ping_status":"closed","sticky":false,"template":"","format":"standard","meta":{"footnotes":""},"categories":[1,59,46],"tags":[72,68,70,69,71,67,66,65],"class_list":["post-456","post","type-post","status-publish","format-standard","has-post-thumbnail","hentry","category-blog","category-eventos","category-medio-ambiente","tag-accionclimatica","tag-cambioclimatico","tag-economiaazzul","tag-educacionambiental","tag-malaga","tag-rutadelclima","tag-embajador-del-pacto-climatico","tag-ruta-del-clima"],"_links":{"self":[{"href":"https:\/\/retoglobal.eu\/index.php\/wp-json\/wp\/v2\/posts\/456","targetHints":{"allow":["GET"]}}],"collection":[{"href":"https:\/\/retoglobal.eu\/index.php\/wp-json\/wp\/v2\/posts"}],"about":[{"href":"https:\/\/retoglobal.eu\/index.php\/wp-json\/wp\/v2\/types\/post"}],"author":[{"embeddable":true,"href":"https:\/\/retoglobal.eu\/index.php\/wp-json\/wp\/v2\/users\/1"}],"replies":[{"embeddable":true,"href":"https:\/\/retoglobal.eu\/index.php\/wp-json\/wp\/v2\/comments?post=456"}],"version-history":[{"count":5,"href":"https:\/\/retoglobal.eu\/index.php\/wp-json\/wp\/v2\/posts\/456\/revisions"}],"predecessor-version":[{"id":508,"href":"https:\/\/retoglobal.eu\/index.php\/wp-json\/wp\/v2\/posts\/456\/revisions\/508"}],"wp:featuredmedia":[{"embeddable":true,"href":"https:\/\/retoglobal.eu\/index.php\/wp-json\/wp\/v2\/media\/460"}],"wp:attachment":[{"href":"https:\/\/retoglobal.eu\/index.php\/wp-json\/wp\/v2\/media?parent=456"}],"wp:term":[{"taxonomy":"category","embeddable":true,"href":"https:\/\/retoglobal.eu\/index.php\/wp-json\/wp\/v2\/categories?post=456"},{"taxonomy":"post_tag","embeddable":true,"href":"https:\/\/retoglobal.eu\/index.php\/wp-json\/wp\/v2\/tags?post=456"}],"curies":[{"name":"wp","href":"https:\/\/api.w.org\/{rel}","templated":true}]}}