{"id":192,"date":"2024-01-17T10:57:36","date_gmt":"2024-01-17T09:57:36","guid":{"rendered":"https:\/\/retoglobal.eu\/?p=192"},"modified":"2025-06-24T11:50:20","modified_gmt":"2025-06-24T09:50:20","slug":"somos-miembros-de-plamta-plataforma-de-organizaciones-medioambientales-mar-tierra-aire","status":"publish","type":"post","link":"https:\/\/retoglobal.eu\/index.php\/2024\/01\/17\/somos-miembros-de-plamta-plataforma-de-organizaciones-medioambientales-mar-tierra-aire\/","title":{"rendered":"Somos miembros de PLAMTA, PLAtaforma de organizaciones Medioambientales, Mar, Tierra, Aire."},"content":{"rendered":"\n<p>Desde la <strong><em>Asociaci\u00f3n retoglobal.eu<\/em><\/strong>, queremos informar que pertenecemos a la plataforma PLAMTA con el fin de cooperar, difundir y enriquecernos mutuamente en el cumplimiento de nuestros retos y compromisos.<\/p>\n\n\n\n<p><strong><em>\u00bfQu\u00e9 es PLAMTA?<\/em><\/strong>, <strong><a href=\"https:\/\/plataformaplamta.wordpress.com\/\">PLAMTA<\/a><\/strong>\u00a0es una Plataforma de organizaciones medioambientales, creada sin \u00e1nimo de lucro, una alianza de entidades, plural, solidaria e independiente. Su objetivo principal es: Mejorar la salud de nuestro Planeta. Los motivos que justifican su creaci\u00f3n son consecuencia de las valoraciones realizadas sobre las grandes cumbres desarrolladas a nivel mundial. Estas se llevan a cabo en un gran marco, donde las grandes organizaciones y dirigentes de pa\u00edses participantes, adquieren compromisos que son inalcanzables por las personas que no pertenecen a esos estamentos.<\/p>\n\n\n<div class=\"wp-block-image\">\n<figure class=\"aligncenter size-full\"><img loading=\"lazy\" decoding=\"async\" width=\"200\" height=\"192\" src=\"https:\/\/retoglobal.eu\/wp-content\/uploads\/2024\/01\/cropped-plamta-1-e1665390372398.png\" alt=\"PLAMTA es una Plataforma de organizaciones medioambientales, creada sin \u00e1nimo de lucro, una alianza de entidades, plural, solidaria e independiente. Su objetivo principal es: Mejorar la salud de nuestro Planeta. Los motivos que justifican su creaci\u00f3n son consecuencia de las valoraciones realizadas sobre las grandes cumbres desarrolladas a nivel mundial. Estas se llevan a cabo en un gran marco, donde las grandes organizaciones y dirigentes de pa\u00edses participantes, adquieren compromisos que son inalcanzables por las personas que no pertenecen a esos estamentos.\" class=\"wp-image-195\"\/><\/figure>\n<\/div>\n\n\n<p><strong><em>\u00bfQuienes est\u00e1n en PLAMTA?<\/em><\/strong>, puedes ver quienes est\u00e1n en PLAMTA en este <a href=\"https:\/\/plataformaplamta.wordpress.com\/quien-esta-en-plamta\/\"><strong>enlace<\/strong><\/a>.<\/p>\n\n\n\n<p>Aqu\u00ed puedes acceder a su <a href=\"https:\/\/plataformaplamta.wordpress.com\/manifiesto-y-compromisos-plamta\/\"><strong>manifiesto y compromisos<\/strong><\/a>, c\u00f3mo tambi\u00e9n a una <strong><a href=\"https:\/\/plataformaplamta.wordpress.com\/guia-buenas-practicas\/\">Gu\u00eda de buenas practicas ambientales<\/a><\/strong><\/p>\n\n\n\n<p>Os dejamos los contactos y nuestra recomendaci\u00f3n para que os de\u00eds una vuelta por su p\u00e1gina web,<\/p>\n\n\n\n<p><strong><a href=\"https:\/\/plataformaplamta.wordpress.com\/\" target=\"_blank\" rel=\"noreferrer noopener\">Plataforma Medioambiental PLAMTA<\/a><\/strong><\/p>\n\n\n\n<p>Calle Daoiz y Velarde, 9<\/p>\n\n\n\n<p>Alcal\u00e1 de Henares,&nbsp;Madrid&nbsp;28807, ESPA\u00d1A<\/p>\n\n\n\n<p>Email, <a href=\"mailto:pplamta@gmail.com\">pplamta@gmail.com<\/a>, M\u00f3vil <a href=\"tel:+34623508496\">+34 623508496<\/a><\/p>\n\n\n\n<p><a href=\"https:\/\/www.facebook.com\/pplamta\/\" target=\"_blank\" rel=\"noreferrer noopener\">Facebook PLAMTA<\/a>, <strong><a href=\"https:\/\/www.instagram.com\/pplamta\/\" target=\"_blank\" rel=\"noreferrer noopener\">Instagram PLAMTA<\/a><\/strong>, <strong><a href=\"https:\/\/twitter.com\/pplamta\" target=\"_blank\" rel=\"noreferrer noopener\">X PLAMTA<\/a><\/strong>, <strong><a href=\"https:\/\/www.youtube.com\/channel\/UC9NKGEUDkv1Qx6-KQiYcEFg\" target=\"_blank\" rel=\"noreferrer noopener\">Youtube PLAMTA<\/a><\/strong>.<\/p>\n\n\n\n<p><\/p>\n","protected":false},"excerpt":{"rendered":"<p>PLAMTA es una Plataforma de organizaciones medioambientales, creada sin \u00e1nimo de lucro, una alianza de entidades, plural, solidaria e independiente. Su objetivo principal es: Mejorar la salud de nuestro Planeta. Los motivos que justifican su creaci\u00f3n son consecuencia de las valoraciones realizadas sobre las grandes cumbres desarrolladas a nivel mundial. Estas se llevan a cabo en un gran marco, donde las grandes organizaciones y dirigentes de pa\u00edses participantes, adquieren compromisos que son inalcanzables por las personas que no pertenecen a esos estamentos.<\/p>\n","protected":false},"author":1,"featured_media":193,"comment_status":"closed","ping_status":"closed","sticky":false,"template":"","format":"standard","meta":{"footnotes":""},"categories":[1],"tags":[],"class_list":["post-192","post","type-post","status-publish","format-standard","has-post-thumbnail","hentry","category-blog"],"_links":{"self":[{"href":"https:\/\/retoglobal.eu\/index.php\/wp-json\/wp\/v2\/posts\/192","targetHints":{"allow":["GET"]}}],"collection":[{"href":"https:\/\/retoglobal.eu\/index.php\/wp-json\/wp\/v2\/posts"}],"about":[{"href":"https:\/\/retoglobal.eu\/index.php\/wp-json\/wp\/v2\/types\/post"}],"author":[{"embeddable":true,"href":"https:\/\/retoglobal.eu\/index.php\/wp-json\/wp\/v2\/users\/1"}],"replies":[{"embeddable":true,"href":"https:\/\/retoglobal.eu\/index.php\/wp-json\/wp\/v2\/comments?post=192"}],"version-history":[{"count":2,"href":"https:\/\/retoglobal.eu\/index.php\/wp-json\/wp\/v2\/posts\/192\/revisions"}],"predecessor-version":[{"id":196,"href":"https:\/\/retoglobal.eu\/index.php\/wp-json\/wp\/v2\/posts\/192\/revisions\/196"}],"wp:featuredmedia":[{"embeddable":true,"href":"https:\/\/retoglobal.eu\/index.php\/wp-json\/wp\/v2\/media\/193"}],"wp:attachment":[{"href":"https:\/\/retoglobal.eu\/index.php\/wp-json\/wp\/v2\/media?parent=192"}],"wp:term":[{"taxonomy":"category","embeddable":true,"href":"https:\/\/retoglobal.eu\/index.php\/wp-json\/wp\/v2\/categories?post=192"},{"taxonomy":"post_tag","embeddable":true,"href":"https:\/\/retoglobal.eu\/index.php\/wp-json\/wp\/v2\/tags?post=192"}],"curies":[{"name":"wp","href":"https:\/\/api.w.org\/{rel}","templated":true}]}}