{"id":1,"date":"2023-12-26T17:41:54","date_gmt":"2023-12-26T16:41:54","guid":{"rendered":"http:\/\/retoglobal.eu\/?p=1"},"modified":"2025-06-24T11:52:09","modified_gmt":"2025-06-24T09:52:09","slug":"hola-mundo","status":"publish","type":"post","link":"https:\/\/retoglobal.eu\/index.php\/2023\/12\/26\/hola-mundo\/","title":{"rendered":"\u00a1Desaf\u00edos y Soluciones para la Preservaci\u00f3n de la Biodiversidad!"},"content":{"rendered":"\n<h2 class=\"wp-block-heading has-text-align-center\">La biodiversidad, o la variabilidad de formas de vida en nuestro planeta, enfrenta desaf\u00edos preocupantes en la actualidad. En esta publicaci\u00f3n, exploraremos las amenazas clave, como la p\u00e9rdida de especies, el cambio clim\u00e1tico, la destrucci\u00f3n de h\u00e1bitats, la sobreexplotaci\u00f3n y la contaminaci\u00f3n. Adem\u00e1s, destacaremos los esfuerzos de conservaci\u00f3n en curso y la importancia crucial de la biodiversidad para la salud de los ecosistemas y la vida humana.<\/h2>\n\n\n\n<p><\/p>\n\n\n\n<h2 class=\"wp-block-heading\">P\u00e9rdida de Especies y Sus Causas<\/h2>\n\n\n\n<p>La tasa de extinci\u00f3n de especies ha alcanzado niveles alarmantes debido a actividades humanas como la destrucci\u00f3n de h\u00e1bitats, caza furtiva, introducci\u00f3n de especies invasoras y cambio clim\u00e1tico. Estas amenazas exigen acciones inmediatas para revertir la p\u00e9rdida de biodiversidad.<\/p>\n\n\n\n<h2 class=\"wp-block-heading\">Impacto del Cambio Clim\u00e1tico en la Biodiversidad<\/h2>\n\n\n\n<p>El cambio clim\u00e1tico, con su aumento de temperaturas y alteraci\u00f3n de patrones de lluvia, est\u00e1 afectando significativamente la biodiversidad. Comprender c\u00f3mo estos cambios afectan los h\u00e1bitats y las poblaciones de especies es esencial para mitigar extinciones futuras.<\/p>\n\n\n\n<h2 class=\"wp-block-heading\">P\u00e9rdida de H\u00e1bitat y Urbanizaci\u00f3n<\/h2>\n\n\n\n<p>La conversi\u00f3n de h\u00e1bitats naturales en \u00e1reas urbanas, agr\u00edcolas o industriales amenaza directamente a la biodiversidad. Exploraremos c\u00f3mo la p\u00e9rdida de h\u00e1bitat contribuye al desplazamiento y la extinci\u00f3n de especies, subrayando la necesidad de medidas de conservaci\u00f3n efectivas.<\/p>\n\n\n\n<h2 class=\"wp-block-heading\">Sobreexplotaci\u00f3n y Agotamiento de Recursos<\/h2>\n\n\n\n<p>La sobreexplotaci\u00f3n de recursos naturales, como la pesca excesiva y la tala de \u00e1rboles sin regulaci\u00f3n, pone en riesgo la supervivencia de especies. Analizaremos c\u00f3mo las pr\u00e1cticas sostenibles y regulaciones pueden mitigar este riesgo.<\/p>\n\n\n\n<h2 class=\"wp-block-heading\">Impacto de la Contaminaci\u00f3n en la Biodiversidad<\/h2>\n\n\n\n<p>La contaminaci\u00f3n del aire, agua y suelo tiene consecuencias perjudiciales para la biodiversidad y los ecosistemas. Identificaremos c\u00f3mo las pol\u00edticas de gesti\u00f3n ambiental y pr\u00e1cticas sostenibles pueden contrarrestar estos efectos negativos.<\/p>\n\n\n\n<h2 class=\"wp-block-heading\">Esfuerzos de Conservaci\u00f3n y Logros<\/h2>\n\n\n\n<p>A pesar de los desaf\u00edos, se est\u00e1n realizando esfuerzos significativos a nivel mundial para conservar la biodiversidad. Exploraremos \u00e1reas protegidas, leyes y regulaciones, y programas de reintroducci\u00f3n de especies en peligro como ejemplos de acciones positivas.<\/p>\n\n\n\n<h2 class=\"wp-block-heading\">Importancia de la Biodiversidad para Ecosistemas y Humanos<\/h2>\n\n\n\n<p>La biodiversidad es esencial para la salud de los ecosistemas y ofrece servicios vitales a los humanos, como la polinizaci\u00f3n de cultivos y la purificaci\u00f3n del agua. Destacaremos la relevancia de preservar la biodiversidad para garantizar un futuro sostenible.<\/p>\n\n\n\n<h2 class=\"wp-block-heading\">Acciones a Nivel Global y Local<\/h2>\n\n\n\n<p>Concluiremos destacando la importancia de acciones concertadas tanto a nivel global como local. Abordar la p\u00e9rdida de biodiversidad requiere colaboraci\u00f3n y compromiso en todas las escalas para mejorar las condiciones de vida actuales y futuras.<\/p>\n\n\n\n<p>\u00a1\u00danete a retoglobal en la lucha por la biodiversidad, contra la contaminaci\u00f3n y contra el cambio clim\u00e1tico!<\/p>\n\n\n\n<p><\/p>\n\n\n\n<div class=\"wp-block-group alignfull\"><div class=\"wp-block-group__inner-container is-layout-constrained wp-block-group-is-layout-constrained\">\n<div class=\"wp-block-group alignfull is-content-justification-space-between is-layout-flex wp-container-core-group-is-layout-0b2df045 wp-block-group-is-layout-flex\" style=\"padding-top:var(--wp--preset--spacing--30);padding-right:var(--wp--preset--spacing--30);padding-bottom:var(--wp--preset--spacing--30);padding-left:var(--wp--preset--spacing--30)\">\n<div class=\"wp-block-group is-layout-flex wp-block-group-is-layout-flex\"><div class=\"is-default-size wp-block-site-logo\"><a href=\"https:\/\/retoglobal.eu\/\" class=\"custom-logo-link\" rel=\"home\"><img decoding=\"async\"   src=\"https:\/\/retoglobal.eu\/wp-content\/uploads\/2024\/10\/cropped-Asoc.retoglobal.ok_.jpg\" class=\"custom-logo\" alt=\"retoglobal.eu\" srcset=\"https:\/\/retoglobal.eu\/wp-content\/uploads\/2024\/10\/cropped-Asoc.retoglobal.ok_.jpg 574w, https:\/\/retoglobal.eu\/wp-content\/uploads\/2024\/10\/cropped-Asoc.retoglobal.ok_-300x122.jpg 300w, https:\/\/retoglobal.eu\/wp-content\/uploads\/2024\/10\/cropped-Asoc.retoglobal.ok_-431x176.jpg 431w\" sizes=\"(max-width: 574px) 100vw, 574px\" \/><\/a><\/div>\n\n\n<div class=\"wp-block-group is-vertical is-layout-flex wp-container-core-group-is-layout-5d5a54e7 wp-block-group-is-layout-flex\"><h1 class=\"has-link-color wp-elements-234e57400cf5587740bb7caa261d6fc4 wp-block-site-title has-medium-font-size\"><a href=\"https:\/\/retoglobal.eu\" target=\"_self\" rel=\"home\">retoglobal.eu<\/a><\/h1><\/div>\n<\/div>\n\n\n<nav class=\"is-responsive items-justified-right wp-block-navigation is-content-justification-right is-layout-flex wp-container-core-navigation-is-layout-3817c3ed wp-block-navigation-is-layout-flex\" aria-label=\"Navegaci\u00f3n\" \n\t\t data-wp-interactive=\"core\/navigation\" data-wp-context='{\"overlayOpenedBy\":{\"click\":false,\"hover\":false,\"focus\":false},\"type\":\"overlay\",\"roleAttribute\":\"\",\"ariaLabel\":\"Men\\u00fa\"}'><button aria-haspopup=\"dialog\" aria-label=\"Abrir el men\u00fa\" class=\"wp-block-navigation__responsive-container-open\" \n\t\t\t\tdata-wp-on--click=\"actions.openMenuOnClick\"\n\t\t\t\tdata-wp-on--keydown=\"actions.handleMenuKeydown\"\n\t\t\t><svg width=\"24\" height=\"24\" xmlns=\"http:\/\/www.w3.org\/2000\/svg\" viewBox=\"0 0 24 24\" aria-hidden=\"true\" focusable=\"false\"><path d=\"M4 7.5h16v1.5H4z\"><\/path><path d=\"M4 15h16v1.5H4z\"><\/path><\/svg><\/button>\n\t\t\t\t<div class=\"wp-block-navigation__responsive-container\"  id=\"modal-1\" \n\t\t\t\tdata-wp-class--has-modal-open=\"state.isMenuOpen\"\n\t\t\t\tdata-wp-class--is-menu-open=\"state.isMenuOpen\"\n\t\t\t\tdata-wp-watch=\"callbacks.initMenu\"\n\t\t\t\tdata-wp-on--keydown=\"actions.handleMenuKeydown\"\n\t\t\t\tdata-wp-on--focusout=\"actions.handleMenuFocusout\"\n\t\t\t\ttabindex=\"-1\"\n\t\t\t>\n\t\t\t\t\t<div class=\"wp-block-navigation__responsive-close\" tabindex=\"-1\">\n\t\t\t\t\t\t<div class=\"wp-block-navigation__responsive-dialog\" \n\t\t\t\tdata-wp-bind--aria-modal=\"state.ariaModal\"\n\t\t\t\tdata-wp-bind--aria-label=\"state.ariaLabel\"\n\t\t\t\tdata-wp-bind--role=\"state.roleAttribute\"\n\t\t\t>\n\t\t\t\t\t\t\t<button aria-label=\"Cerrar el men\u00fa\" class=\"wp-block-navigation__responsive-container-close\" \n\t\t\t\tdata-wp-on--click=\"actions.closeMenuOnClick\"\n\t\t\t><svg xmlns=\"http:\/\/www.w3.org\/2000\/svg\" viewBox=\"0 0 24 24\" width=\"24\" height=\"24\" aria-hidden=\"true\" focusable=\"false\"><path d=\"m13.06 12 6.47-6.47-1.06-1.06L12 10.94 5.53 4.47 4.47 5.53 10.94 12l-6.47 6.47 1.06 1.06L12 13.06l6.47 6.47 1.06-1.06L13.06 12Z\"><\/path><\/svg><\/button>\n\t\t\t\t\t\t\t<div class=\"wp-block-navigation__responsive-container-content\" \n\t\t\t\tdata-wp-watch=\"callbacks.focusFirstElement\"\n\t\t\t id=\"modal-1-content\">\n\t\t\t\t\t\t\t\t<ul class=\"wp-block-navigation__container is-responsive items-justified-right wp-block-navigation\"><ul class=\"wp-block-page-list\"><li class=\"wp-block-pages-list__item wp-block-navigation-item open-on-hover-click\"><a class=\"wp-block-pages-list__item__link wp-block-navigation-item__content\" href=\"https:\/\/retoglobal.eu\/index.php\/que-significan-sostenibilidad-y-sostenible\/\">\u00bfQu\u00e9 significan Sostenibilidad y sostenible?<\/a><\/li><li class=\"wp-block-pages-list__item wp-block-navigation-item open-on-hover-click\"><a class=\"wp-block-pages-list__item__link wp-block-navigation-item__content\" href=\"https:\/\/retoglobal.eu\/index.php\/sabias-que-el-clima-y-el-tiempo-no-son-lo-mismo\/\">\u00bfSab\u00edas que\u2026 el clima y el tiempo no son lo mismo?<\/a><\/li><li class=\"wp-block-pages-list__item wp-block-navigation-item open-on-hover-click\"><a class=\"wp-block-pages-list__item__link wp-block-navigation-item__content\" href=\"https:\/\/retoglobal.eu\/index.php\/sabias-que-el-convenio-marpol-permite-que-millones-de-toneladas-de-aguas-residuales-sean-vertidas-al-mar-cada-ano\/\">\u00bfSab\u00edas que&#8230; el Convenio MARPOL permite que millones de toneladas de aguas residuales sean vertidas al mar cada a\u00f1o?<\/a><\/li><li data-wp-context=\"{ &quot;submenuOpenedBy&quot;: { &quot;click&quot;: false, &quot;hover&quot;: false, &quot;focus&quot;: false }, &quot;type&quot;: &quot;submenu&quot;, &quot;modal&quot;: null, &quot;previousFocus&quot;: null }\" data-wp-interactive=\"core\/navigation\" data-wp-on--focusout=\"actions.handleMenuFocusout\" data-wp-on--keydown=\"actions.handleMenuKeydown\" data-wp-on--mouseenter=\"actions.openMenuOnHover\" data-wp-on--mouseleave=\"actions.closeMenuOnHover\" data-wp-watch=\"callbacks.initMenu\" tabindex=\"-1\" class=\"wp-block-pages-list__item has-child wp-block-navigation-item open-on-hover-click\"><a class=\"wp-block-pages-list__item__link wp-block-navigation-item__content\" href=\"https:\/\/retoglobal.eu\/index.php\/cambio-climatico-2-2\/\">Cambio Clim\u00e1tico<\/a><button data-wp-bind--aria-expanded=\"state.isMenuOpen\" data-wp-on--click=\"actions.toggleMenuOnClick\" aria-label=\"Submen\u00fa de Cambio Clim\u00e1tico\" class=\"wp-block-navigation__submenu-icon wp-block-navigation-submenu__toggle\" ><svg xmlns=\"http:\/\/www.w3.org\/2000\/svg\" width=\"12\" height=\"12\" viewBox=\"0 0 12 12\" fill=\"none\" aria-hidden=\"true\" focusable=\"false\"><path d=\"M1.50002 4L6.00002 8L10.5 4\" stroke-width=\"1.5\"><\/path><\/svg><\/button><ul data-wp-on--focus=\"actions.openMenuOnFocus\" class=\"wp-block-navigation__submenu-container\"><li class=\"wp-block-pages-list__item wp-block-navigation-item open-on-hover-click \"><a class=\"wp-block-pages-list__item__link wp-block-navigation-item__content\" href=\"https:\/\/retoglobal.eu\/index.php\/cambio-climatico-2-2\/actuando-frente-al-cambio-climatico-medidas-y-acciones\/\">Actuando frente al cambio clim\u00e1tico: Medidas y acciones<\/a><\/li><li class=\"wp-block-pages-list__item wp-block-navigation-item open-on-hover-click \"><a class=\"wp-block-pages-list__item__link wp-block-navigation-item__content\" href=\"https:\/\/retoglobal.eu\/index.php\/cambio-climatico-2-2\/cambio-climatico\/\">\u00bfQu\u00e9 provoca el cambio clim\u00e1tico?, CAUSAS.<\/a><\/li><\/ul><\/li><li class=\"wp-block-pages-list__item wp-block-navigation-item open-on-hover-click\"><a class=\"wp-block-pages-list__item__link wp-block-navigation-item__content\" href=\"https:\/\/retoglobal.eu\/index.php\/contacto\/\">Contacto<\/a><\/li><li data-wp-context=\"{ &quot;submenuOpenedBy&quot;: { &quot;click&quot;: false, &quot;hover&quot;: false, &quot;focus&quot;: false }, &quot;type&quot;: &quot;submenu&quot;, &quot;modal&quot;: null, &quot;previousFocus&quot;: null }\" data-wp-interactive=\"core\/navigation\" data-wp-on--focusout=\"actions.handleMenuFocusout\" data-wp-on--keydown=\"actions.handleMenuKeydown\" data-wp-on--mouseenter=\"actions.openMenuOnHover\" data-wp-on--mouseleave=\"actions.closeMenuOnHover\" data-wp-watch=\"callbacks.initMenu\" tabindex=\"-1\" class=\"wp-block-pages-list__item has-child wp-block-navigation-item open-on-hover-click\"><a class=\"wp-block-pages-list__item__link wp-block-navigation-item__content\" href=\"https:\/\/retoglobal.eu\/index.php\/envianos-tus-propuestas\/\">Env\u00edanos tus propuestas.<\/a><button data-wp-bind--aria-expanded=\"state.isMenuOpen\" data-wp-on--click=\"actions.toggleMenuOnClick\" aria-label=\"Submen\u00fa de Env\u00edanos tus propuestas.\" class=\"wp-block-navigation__submenu-icon wp-block-navigation-submenu__toggle\" ><svg xmlns=\"http:\/\/www.w3.org\/2000\/svg\" width=\"12\" height=\"12\" viewBox=\"0 0 12 12\" fill=\"none\" aria-hidden=\"true\" focusable=\"false\"><path d=\"M1.50002 4L6.00002 8L10.5 4\" stroke-width=\"1.5\"><\/path><\/svg><\/button><ul data-wp-on--focus=\"actions.openMenuOnFocus\" class=\"wp-block-navigation__submenu-container\"><li class=\"wp-block-pages-list__item wp-block-navigation-item open-on-hover-click \"><a class=\"wp-block-pages-list__item__link wp-block-navigation-item__content\" href=\"https:\/\/retoglobal.eu\/index.php\/envianos-tus-propuestas\/sequia-restricciones\/\">SEQU\u00cdA &#8211; RESTRICCIONES.<\/a><\/li><\/ul><\/li><li data-wp-context=\"{ &quot;submenuOpenedBy&quot;: { &quot;click&quot;: false, &quot;hover&quot;: false, &quot;focus&quot;: false }, &quot;type&quot;: &quot;submenu&quot;, &quot;modal&quot;: null, &quot;previousFocus&quot;: null }\" data-wp-interactive=\"core\/navigation\" data-wp-on--focusout=\"actions.handleMenuFocusout\" data-wp-on--keydown=\"actions.handleMenuKeydown\" data-wp-on--mouseenter=\"actions.openMenuOnHover\" data-wp-on--mouseleave=\"actions.closeMenuOnHover\" data-wp-watch=\"callbacks.initMenu\" tabindex=\"-1\" class=\"wp-block-pages-list__item has-child wp-block-navigation-item open-on-hover-click\"><a class=\"wp-block-pages-list__item__link wp-block-navigation-item__content\" href=\"https:\/\/retoglobal.eu\/index.php\/eventos\/\">Eventos, conferencias, ponencias, Rutas del Clima.<\/a><button data-wp-bind--aria-expanded=\"state.isMenuOpen\" data-wp-on--click=\"actions.toggleMenuOnClick\" aria-label=\"Submen\u00fa de Eventos, conferencias, ponencias, Rutas del Clima.\" class=\"wp-block-navigation__submenu-icon wp-block-navigation-submenu__toggle\" ><svg xmlns=\"http:\/\/www.w3.org\/2000\/svg\" width=\"12\" height=\"12\" viewBox=\"0 0 12 12\" fill=\"none\" aria-hidden=\"true\" focusable=\"false\"><path d=\"M1.50002 4L6.00002 8L10.5 4\" stroke-width=\"1.5\"><\/path><\/svg><\/button><ul data-wp-on--focus=\"actions.openMenuOnFocus\" class=\"wp-block-navigation__submenu-container\"><li class=\"wp-block-pages-list__item wp-block-navigation-item open-on-hover-click \"><a class=\"wp-block-pages-list__item__link wp-block-navigation-item__content\" href=\"https:\/\/retoglobal.eu\/index.php\/eventos\/mesa-redonda-personas-refugiadas-y-desplazadas-por-motivos-climaticos\/\">Mesa redonda Personas Refugiadas y desplazadas por motivos clim\u00e1ticos.<\/a><\/li><li class=\"wp-block-pages-list__item wp-block-navigation-item open-on-hover-click \"><a class=\"wp-block-pages-list__item__link wp-block-navigation-item__content\" href=\"https:\/\/retoglobal.eu\/index.php\/eventos\/conferencia-el-cambio-climatico-al-descubierto-causas\/\">Conferencia \u00abEL CAMBIO CLIM\u00c1TICO AL DESCUBIERTO: CAUSAS\u00bb<\/a><\/li><li class=\"wp-block-pages-list__item wp-block-navigation-item open-on-hover-click \"><a class=\"wp-block-pages-list__item__link wp-block-navigation-item__content\" href=\"https:\/\/retoglobal.eu\/index.php\/eventos\/ponencia-las-huellas-del-cambio-climatico-consecuencias\/\">Ponencia \u00abLas huellas del cambio clim\u00e1tico: Consecuencias\u00bb<\/a><\/li><\/ul><\/li><li data-wp-context=\"{ &quot;submenuOpenedBy&quot;: { &quot;click&quot;: false, &quot;hover&quot;: false, &quot;focus&quot;: false }, &quot;type&quot;: &quot;submenu&quot;, &quot;modal&quot;: null, &quot;previousFocus&quot;: null }\" data-wp-interactive=\"core\/navigation\" data-wp-on--focusout=\"actions.handleMenuFocusout\" data-wp-on--keydown=\"actions.handleMenuKeydown\" data-wp-on--mouseenter=\"actions.openMenuOnHover\" data-wp-on--mouseleave=\"actions.closeMenuOnHover\" data-wp-watch=\"callbacks.initMenu\" tabindex=\"-1\" class=\"wp-block-pages-list__item has-child wp-block-navigation-item open-on-hover-click\"><a class=\"wp-block-pages-list__item__link wp-block-navigation-item__content\" href=\"https:\/\/retoglobal.eu\/index.php\/pacto-europeo-x-el-clima\/\">Pacto Europeo x el clima<\/a><button data-wp-bind--aria-expanded=\"state.isMenuOpen\" data-wp-on--click=\"actions.toggleMenuOnClick\" aria-label=\"Submen\u00fa de Pacto Europeo x el clima\" class=\"wp-block-navigation__submenu-icon wp-block-navigation-submenu__toggle\" ><svg xmlns=\"http:\/\/www.w3.org\/2000\/svg\" width=\"12\" height=\"12\" viewBox=\"0 0 12 12\" fill=\"none\" aria-hidden=\"true\" focusable=\"false\"><path d=\"M1.50002 4L6.00002 8L10.5 4\" stroke-width=\"1.5\"><\/path><\/svg><\/button><ul data-wp-on--focus=\"actions.openMenuOnFocus\" class=\"wp-block-navigation__submenu-container\"><li class=\"wp-block-pages-list__item wp-block-navigation-item open-on-hover-click \"><a class=\"wp-block-pages-list__item__link wp-block-navigation-item__content\" href=\"https:\/\/retoglobal.eu\/index.php\/pacto-europeo-x-el-clima\/abordando-el-cambio-climatico-una-llamada-a-la-accion-urgente-y-colectiva-tenemos-un-gran-retoglobal-aqui-y-ahora\/\">Abordando el Cambio Clim\u00e1tico: Una Llamada a la Acci\u00f3n Urgente y Colectiva. Tenemos un gran retoglobal aqu\u00ed y ahora.<\/a><\/li><li class=\"wp-block-pages-list__item wp-block-navigation-item open-on-hover-click \"><a class=\"wp-block-pages-list__item__link wp-block-navigation-item__content\" href=\"https:\/\/retoglobal.eu\/index.php\/pacto-europeo-x-el-clima\/embajadores-europeos-del-pacto-climatico\/\">Embajadores europeos del Pacto Clim\u00e1tico.<\/a><\/li><li class=\"wp-block-pages-list__item wp-block-navigation-item open-on-hover-click \"><a class=\"wp-block-pages-list__item__link wp-block-navigation-item__content\" href=\"https:\/\/retoglobal.eu\/index.php\/pacto-europeo-x-el-clima\/embajador-europeo-por-el-pacto-climatico\/\">Embajador Europeo por el Pacto Clim\u00e1tico.<\/a><\/li><li class=\"wp-block-pages-list__item wp-block-navigation-item open-on-hover-click \"><a class=\"wp-block-pages-list__item__link wp-block-navigation-item__content\" href=\"https:\/\/retoglobal.eu\/index.php\/pacto-europeo-x-el-clima\/ley-europea-del-clima-2\/\">Ley europea del clima.<\/a><\/li><\/ul><\/li><li data-wp-context=\"{ &quot;submenuOpenedBy&quot;: { &quot;click&quot;: false, &quot;hover&quot;: false, &quot;focus&quot;: false }, &quot;type&quot;: &quot;submenu&quot;, &quot;modal&quot;: null, &quot;previousFocus&quot;: null }\" data-wp-interactive=\"core\/navigation\" data-wp-on--focusout=\"actions.handleMenuFocusout\" data-wp-on--keydown=\"actions.handleMenuKeydown\" data-wp-on--mouseenter=\"actions.openMenuOnHover\" data-wp-on--mouseleave=\"actions.closeMenuOnHover\" data-wp-watch=\"callbacks.initMenu\" tabindex=\"-1\" class=\"wp-block-pages-list__item has-child wp-block-navigation-item open-on-hover-click\"><a class=\"wp-block-pages-list__item__link wp-block-navigation-item__content\" href=\"https:\/\/retoglobal.eu\/index.php\/participacion-ciudadana\/\">Participaci\u00f3n Ciudadana<\/a><button data-wp-bind--aria-expanded=\"state.isMenuOpen\" data-wp-on--click=\"actions.toggleMenuOnClick\" aria-label=\"Submen\u00fa de Participaci\u00f3n Ciudadana\" class=\"wp-block-navigation__submenu-icon wp-block-navigation-submenu__toggle\" ><svg xmlns=\"http:\/\/www.w3.org\/2000\/svg\" width=\"12\" height=\"12\" viewBox=\"0 0 12 12\" fill=\"none\" aria-hidden=\"true\" focusable=\"false\"><path d=\"M1.50002 4L6.00002 8L10.5 4\" stroke-width=\"1.5\"><\/path><\/svg><\/button><ul data-wp-on--focus=\"actions.openMenuOnFocus\" class=\"wp-block-navigation__submenu-container\"><li class=\"wp-block-pages-list__item wp-block-navigation-item open-on-hover-click \"><a class=\"wp-block-pages-list__item__link wp-block-navigation-item__content\" href=\"https:\/\/retoglobal.eu\/index.php\/participacion-ciudadana\/asamblea-ciudadana-por-el-clima-generando-conciencia-y-buscando-soluciones-colaborativas-al-cambio-climatico\/\">Asamblea Ciudadana por el Clima: Generando conciencia y buscando soluciones colaborativas al cambio clim\u00e1tico<\/a><\/li><li class=\"wp-block-pages-list__item wp-block-navigation-item open-on-hover-click \"><a class=\"wp-block-pages-list__item__link wp-block-navigation-item__content\" href=\"https:\/\/retoglobal.eu\/index.php\/participacion-ciudadana\/participacion-ciudadana-en-la-lucha-climatica\/\">Participaci\u00f3n Ciudadana en la Lucha Clim\u00e1tica<\/a><\/li><\/ul><\/li><li class=\"wp-block-pages-list__item wp-block-navigation-item open-on-hover-click\"><a class=\"wp-block-pages-list__item__link wp-block-navigation-item__content\" href=\"https:\/\/retoglobal.eu\/index.php\/politica-privacidad\/\">Pol\u00edtica de privacidad<\/a><\/li><li data-wp-context=\"{ &quot;submenuOpenedBy&quot;: { &quot;click&quot;: false, &quot;hover&quot;: false, &quot;focus&quot;: false }, &quot;type&quot;: &quot;submenu&quot;, &quot;modal&quot;: null, &quot;previousFocus&quot;: null }\" data-wp-interactive=\"core\/navigation\" data-wp-on--focusout=\"actions.handleMenuFocusout\" data-wp-on--keydown=\"actions.handleMenuKeydown\" data-wp-on--mouseenter=\"actions.openMenuOnHover\" data-wp-on--mouseleave=\"actions.closeMenuOnHover\" data-wp-watch=\"callbacks.initMenu\" tabindex=\"-1\" class=\"wp-block-pages-list__item has-child wp-block-navigation-item open-on-hover-click\"><a class=\"wp-block-pages-list__item__link wp-block-navigation-item__content\" href=\"https:\/\/retoglobal.eu\/index.php\/recursos-y-enlaces\/\">Recursos y enlaces.<\/a><button data-wp-bind--aria-expanded=\"state.isMenuOpen\" data-wp-on--click=\"actions.toggleMenuOnClick\" aria-label=\"Submen\u00fa de Recursos y enlaces.\" class=\"wp-block-navigation__submenu-icon wp-block-navigation-submenu__toggle\" ><svg xmlns=\"http:\/\/www.w3.org\/2000\/svg\" width=\"12\" height=\"12\" viewBox=\"0 0 12 12\" fill=\"none\" aria-hidden=\"true\" focusable=\"false\"><path d=\"M1.50002 4L6.00002 8L10.5 4\" stroke-width=\"1.5\"><\/path><\/svg><\/button><ul data-wp-on--focus=\"actions.openMenuOnFocus\" class=\"wp-block-navigation__submenu-container\"><li class=\"wp-block-pages-list__item wp-block-navigation-item open-on-hover-click \"><a class=\"wp-block-pages-list__item__link wp-block-navigation-item__content\" href=\"https:\/\/retoglobal.eu\/index.php\/recursos-y-enlaces\/webs-y-paginas-medio-ambientales-de-la-junta-de-andalucia\/\">Web\u00b4s y p\u00e1ginas medio ambientales de la Junta de Andaluc\u00eda.<\/a><\/li><\/ul><\/li><li data-wp-context=\"{ &quot;submenuOpenedBy&quot;: { &quot;click&quot;: false, &quot;hover&quot;: false, &quot;focus&quot;: false }, &quot;type&quot;: &quot;submenu&quot;, &quot;modal&quot;: null, &quot;previousFocus&quot;: null }\" data-wp-interactive=\"core\/navigation\" data-wp-on--focusout=\"actions.handleMenuFocusout\" data-wp-on--keydown=\"actions.handleMenuKeydown\" data-wp-on--mouseenter=\"actions.openMenuOnHover\" data-wp-on--mouseleave=\"actions.closeMenuOnHover\" data-wp-watch=\"callbacks.initMenu\" tabindex=\"-1\" class=\"wp-block-pages-list__item has-child wp-block-navigation-item open-on-hover-click\"><a class=\"wp-block-pages-list__item__link wp-block-navigation-item__content\" href=\"https:\/\/retoglobal.eu\/index.php\/reto\/\">Reto, manifiesto.<\/a><button data-wp-bind--aria-expanded=\"state.isMenuOpen\" data-wp-on--click=\"actions.toggleMenuOnClick\" aria-label=\"Submen\u00fa de Reto, manifiesto.\" class=\"wp-block-navigation__submenu-icon wp-block-navigation-submenu__toggle\" ><svg xmlns=\"http:\/\/www.w3.org\/2000\/svg\" width=\"12\" height=\"12\" viewBox=\"0 0 12 12\" fill=\"none\" aria-hidden=\"true\" focusable=\"false\"><path d=\"M1.50002 4L6.00002 8L10.5 4\" stroke-width=\"1.5\"><\/path><\/svg><\/button><ul data-wp-on--focus=\"actions.openMenuOnFocus\" class=\"wp-block-navigation__submenu-container\"><li data-wp-context=\"{ &quot;submenuOpenedBy&quot;: { &quot;click&quot;: false, &quot;hover&quot;: false, &quot;focus&quot;: false }, &quot;type&quot;: &quot;submenu&quot;, &quot;modal&quot;: null, &quot;previousFocus&quot;: null }\" data-wp-interactive=\"core\/navigation\" data-wp-on--focusout=\"actions.handleMenuFocusout\" data-wp-on--keydown=\"actions.handleMenuKeydown\" data-wp-on--mouseenter=\"actions.openMenuOnHover\" data-wp-on--mouseleave=\"actions.closeMenuOnHover\" data-wp-watch=\"callbacks.initMenu\" tabindex=\"-1\" class=\"wp-block-pages-list__item has-child wp-block-navigation-item open-on-hover-click \"><a class=\"wp-block-pages-list__item__link wp-block-navigation-item__content\" href=\"https:\/\/retoglobal.eu\/index.php\/reto\/manifiesto-de-la-asociacion-retoglobal-eu\/\">Manifiesto de la Asociaci\u00f3n retoglobal.eu.<\/a><button data-wp-bind--aria-expanded=\"state.isMenuOpen\" data-wp-on--click=\"actions.toggleMenuOnClick\" aria-label=\"Submen\u00fa de Manifiesto de la Asociaci\u00f3n retoglobal.eu.\" class=\"wp-block-navigation__submenu-icon wp-block-navigation-submenu__toggle\" ><svg xmlns=\"http:\/\/www.w3.org\/2000\/svg\" width=\"12\" height=\"12\" viewBox=\"0 0 12 12\" fill=\"none\" aria-hidden=\"true\" focusable=\"false\"><path d=\"M1.50002 4L6.00002 8L10.5 4\" stroke-width=\"1.5\"><\/path><\/svg><\/button><ul data-wp-on--focus=\"actions.openMenuOnFocus\" class=\"wp-block-navigation__submenu-container\"><li class=\"wp-block-pages-list__item wp-block-navigation-item open-on-hover-click \"><a class=\"wp-block-pages-list__item__link wp-block-navigation-item__content\" href=\"https:\/\/retoglobal.eu\/index.php\/reto\/manifiesto-de-la-asociacion-retoglobal-eu\/ciudades-verdes-y-sostenibles\/\">Ciudades verdes y sostenibles.<\/a><\/li><li class=\"wp-block-pages-list__item wp-block-navigation-item open-on-hover-click \"><a class=\"wp-block-pages-list__item__link wp-block-navigation-item__content\" href=\"https:\/\/retoglobal.eu\/index.php\/reto\/manifiesto-de-la-asociacion-retoglobal-eu\/crisis-climatica-y-ecologica\/\">Crisis clim\u00e1tica y ecol\u00f3gica.<\/a><\/li><li class=\"wp-block-pages-list__item wp-block-navigation-item open-on-hover-click \"><a class=\"wp-block-pages-list__item__link wp-block-navigation-item__content\" href=\"https:\/\/retoglobal.eu\/index.php\/reto\/manifiesto-de-la-asociacion-retoglobal-eu\/educar-sensibilizar-y-difundir\/\">Educar, sensibilizar y difundir.<\/a><\/li><li class=\"wp-block-pages-list__item wp-block-navigation-item open-on-hover-click \"><a class=\"wp-block-pages-list__item__link wp-block-navigation-item__content\" href=\"https:\/\/retoglobal.eu\/index.php\/reto\/manifiesto-de-la-asociacion-retoglobal-eu\/leyes-acuerdos-compromisos-y-normativas-vigentes\/\">Leyes, acuerdos, compromisos y normativas vigentes.<\/a><\/li><li data-wp-context=\"{ &quot;submenuOpenedBy&quot;: { &quot;click&quot;: false, &quot;hover&quot;: false, &quot;focus&quot;: false }, &quot;type&quot;: &quot;submenu&quot;, &quot;modal&quot;: null, &quot;previousFocus&quot;: null }\" data-wp-interactive=\"core\/navigation\" data-wp-on--focusout=\"actions.handleMenuFocusout\" data-wp-on--keydown=\"actions.handleMenuKeydown\" data-wp-on--mouseenter=\"actions.openMenuOnHover\" data-wp-on--mouseleave=\"actions.closeMenuOnHover\" data-wp-watch=\"callbacks.initMenu\" tabindex=\"-1\" class=\"wp-block-pages-list__item has-child wp-block-navigation-item open-on-hover-click \"><a class=\"wp-block-pages-list__item__link wp-block-navigation-item__content\" href=\"https:\/\/retoglobal.eu\/index.php\/reto\/manifiesto-de-la-asociacion-retoglobal-eu\/reduccion-del-consumo-y-de-la-produccion\/\">Reducci\u00f3n del consumo y de la producci\u00f3n.<\/a><button data-wp-bind--aria-expanded=\"state.isMenuOpen\" data-wp-on--click=\"actions.toggleMenuOnClick\" aria-label=\"Submen\u00fa de Reducci\u00f3n del consumo y de la producci\u00f3n.\" class=\"wp-block-navigation__submenu-icon wp-block-navigation-submenu__toggle\" ><svg xmlns=\"http:\/\/www.w3.org\/2000\/svg\" width=\"12\" height=\"12\" viewBox=\"0 0 12 12\" fill=\"none\" aria-hidden=\"true\" focusable=\"false\"><path d=\"M1.50002 4L6.00002 8L10.5 4\" stroke-width=\"1.5\"><\/path><\/svg><\/button><ul data-wp-on--focus=\"actions.openMenuOnFocus\" class=\"wp-block-navigation__submenu-container\"><li class=\"wp-block-pages-list__item wp-block-navigation-item open-on-hover-click \"><a class=\"wp-block-pages-list__item__link wp-block-navigation-item__content\" href=\"https:\/\/retoglobal.eu\/index.php\/reto\/manifiesto-de-la-asociacion-retoglobal-eu\/reduccion-del-consumo-y-de-la-produccion\/comercio\/\">Comercio.<\/a><\/li><li data-wp-context=\"{ &quot;submenuOpenedBy&quot;: { &quot;click&quot;: false, &quot;hover&quot;: false, &quot;focus&quot;: false }, &quot;type&quot;: &quot;submenu&quot;, &quot;modal&quot;: null, &quot;previousFocus&quot;: null }\" data-wp-interactive=\"core\/navigation\" data-wp-on--focusout=\"actions.handleMenuFocusout\" data-wp-on--keydown=\"actions.handleMenuKeydown\" data-wp-on--mouseenter=\"actions.openMenuOnHover\" data-wp-on--mouseleave=\"actions.closeMenuOnHover\" data-wp-watch=\"callbacks.initMenu\" tabindex=\"-1\" class=\"wp-block-pages-list__item has-child wp-block-navigation-item open-on-hover-click \"><a class=\"wp-block-pages-list__item__link wp-block-navigation-item__content\" href=\"https:\/\/retoglobal.eu\/index.php\/reto\/manifiesto-de-la-asociacion-retoglobal-eu\/reduccion-del-consumo-y-de-la-produccion\/transformacion-socio-economica\/\">Transformaci\u00f3n Socio-Econ\u00f3mica.<\/a><button data-wp-bind--aria-expanded=\"state.isMenuOpen\" data-wp-on--click=\"actions.toggleMenuOnClick\" aria-label=\"Submen\u00fa de Transformaci\u00f3n Socio-Econ\u00f3mica.\" class=\"wp-block-navigation__submenu-icon wp-block-navigation-submenu__toggle\" ><svg xmlns=\"http:\/\/www.w3.org\/2000\/svg\" width=\"12\" height=\"12\" viewBox=\"0 0 12 12\" fill=\"none\" aria-hidden=\"true\" focusable=\"false\"><path d=\"M1.50002 4L6.00002 8L10.5 4\" stroke-width=\"1.5\"><\/path><\/svg><\/button><ul data-wp-on--focus=\"actions.openMenuOnFocus\" class=\"wp-block-navigation__submenu-container\"><li class=\"wp-block-pages-list__item wp-block-navigation-item open-on-hover-click \"><a class=\"wp-block-pages-list__item__link wp-block-navigation-item__content\" href=\"https:\/\/retoglobal.eu\/index.php\/reto\/manifiesto-de-la-asociacion-retoglobal-eu\/reduccion-del-consumo-y-de-la-produccion\/transformacion-socio-economica\/justicia-democracia-y-trasparencia\/\">Justicia, democracia y trasparencia.<\/a><\/li><li class=\"wp-block-pages-list__item wp-block-navigation-item open-on-hover-click \"><a class=\"wp-block-pages-list__item__link wp-block-navigation-item__content\" href=\"https:\/\/retoglobal.eu\/index.php\/reto\/manifiesto-de-la-asociacion-retoglobal-eu\/reduccion-del-consumo-y-de-la-produccion\/transformacion-socio-economica\/movilidad-sostenible\/\">Movilidad sostenible.<\/a><\/li><li class=\"wp-block-pages-list__item wp-block-navigation-item open-on-hover-click \"><a class=\"wp-block-pages-list__item__link wp-block-navigation-item__content\" href=\"https:\/\/retoglobal.eu\/index.php\/reto\/manifiesto-de-la-asociacion-retoglobal-eu\/reduccion-del-consumo-y-de-la-produccion\/transformacion-socio-economica\/transicion-energetica\/\">Transici\u00f3n energ\u00e9tica.<\/a><\/li><\/ul><\/li><\/ul><\/li><\/ul><\/li><\/ul><\/li><li class=\"wp-block-pages-list__item wp-block-navigation-item open-on-hover-click\"><a class=\"wp-block-pages-list__item__link wp-block-navigation-item__content\" href=\"https:\/\/retoglobal.eu\/index.php\/ruta-del-clima-malaga-litoral-este\/\">Ruta del Clima, M\u00e1laga, Litoral Este.<\/a><\/li><li data-wp-context=\"{ &quot;submenuOpenedBy&quot;: { &quot;click&quot;: false, &quot;hover&quot;: false, &quot;focus&quot;: false }, &quot;type&quot;: &quot;submenu&quot;, &quot;modal&quot;: null, &quot;previousFocus&quot;: null }\" data-wp-interactive=\"core\/navigation\" data-wp-on--focusout=\"actions.handleMenuFocusout\" data-wp-on--keydown=\"actions.handleMenuKeydown\" data-wp-on--mouseenter=\"actions.openMenuOnHover\" data-wp-on--mouseleave=\"actions.closeMenuOnHover\" data-wp-watch=\"callbacks.initMenu\" tabindex=\"-1\" class=\"wp-block-pages-list__item has-child wp-block-navigation-item open-on-hover-click\"><a class=\"wp-block-pages-list__item__link wp-block-navigation-item__content\" href=\"https:\/\/retoglobal.eu\/index.php\/sabias-que\/\">Sab\u00edas que &#8230;&#8230;&#8230;?<\/a><button data-wp-bind--aria-expanded=\"state.isMenuOpen\" data-wp-on--click=\"actions.toggleMenuOnClick\" aria-label=\"Submen\u00fa de Sab\u00edas que .........?\" class=\"wp-block-navigation__submenu-icon wp-block-navigation-submenu__toggle\" ><svg xmlns=\"http:\/\/www.w3.org\/2000\/svg\" width=\"12\" height=\"12\" viewBox=\"0 0 12 12\" fill=\"none\" aria-hidden=\"true\" focusable=\"false\"><path d=\"M1.50002 4L6.00002 8L10.5 4\" stroke-width=\"1.5\"><\/path><\/svg><\/button><ul data-wp-on--focus=\"actions.openMenuOnFocus\" class=\"wp-block-navigation__submenu-container\"><li class=\"wp-block-pages-list__item wp-block-navigation-item open-on-hover-click \"><a class=\"wp-block-pages-list__item__link wp-block-navigation-item__content\" href=\"https:\/\/retoglobal.eu\/index.php\/sabias-que\/sabias-que-la-temperatura-del-aire-al-sol-y-a-la-sombra-no-suele-ser-tan-diferente-en-terreno-abierto\/\">\u00bfSab\u00edas que&#8230;. la temperatura del aire al sol y a la sombra es pr\u00e1cticamente la misma?<\/a><\/li><\/ul><\/li><\/ul><\/ul>\n\t\t\t\t\t\t\t<\/div>\n\t\t\t\t\t\t<\/div>\n\t\t\t\t\t<\/div>\n\t\t\t\t<\/div><\/nav><\/div>\n\n\n\n<div class=\"wp-block-cover alignfull is-light\" style=\"margin-top:0;min-height:40vw;aspect-ratio:unset;\"><span aria-hidden=\"true\" class=\"wp-block-cover__background has-black-background-color has-background-dim-0 has-background-dim\"><\/span><img decoding=\"async\" class=\"wp-block-cover__image-background wp-image-61\" alt=\"\" src=\"https:\/\/img.rawpixel.com\/s3fs-private\/rawpixel_images\/website_content\/a017-eberhard-cco-the-after-rain.jpg?w=1200&amp;h=1200&amp;fit=clip&amp;crop=default&amp;dpr=1&amp;q=75&amp;vib=3&amp;con=3&amp;usm=15&amp;cs=srgb&amp;bg=F4F4F3&amp;ixlib=js-2.2.1&amp;s=e7b4ca0a0edcc84ba48c1f7ebf02dd5a\" style=\"object-position:50% 50%\" data-object-fit=\"cover\" data-object-position=\"50% 50%\"\/><div class=\"wp-block-cover__inner-container is-layout-flow wp-block-cover-is-layout-flow\">\n<div style=\"height:50px\" aria-hidden=\"true\" class=\"wp-block-spacer\"><\/div>\n<\/div><\/div>\n<\/div><\/div>\n","protected":false},"excerpt":{"rendered":"<p>La biodiversidad, o la variabilidad de formas de vida en nuestro planeta, enfrenta desaf\u00edos preocupantes en la actualidad. <\/p>\n","protected":false},"author":1,"featured_media":87,"comment_status":"closed","ping_status":"closed","sticky":false,"template":"","format":"standard","meta":{"footnotes":""},"categories":[1],"tags":[7,9,6,8],"class_list":["post-1","post","type-post","status-publish","format-standard","has-post-thumbnail","hentry","category-blog","tag-biodiversidad","tag-contaminacion","tag-perdida-de-biodiversidad","tag-reto-global"],"_links":{"self":[{"href":"https:\/\/retoglobal.eu\/index.php\/wp-json\/wp\/v2\/posts\/1","targetHints":{"allow":["GET"]}}],"collection":[{"href":"https:\/\/retoglobal.eu\/index.php\/wp-json\/wp\/v2\/posts"}],"about":[{"href":"https:\/\/retoglobal.eu\/index.php\/wp-json\/wp\/v2\/types\/post"}],"author":[{"embeddable":true,"href":"https:\/\/retoglobal.eu\/index.php\/wp-json\/wp\/v2\/users\/1"}],"replies":[{"embeddable":true,"href":"https:\/\/retoglobal.eu\/index.php\/wp-json\/wp\/v2\/comments?post=1"}],"version-history":[{"count":3,"href":"https:\/\/retoglobal.eu\/index.php\/wp-json\/wp\/v2\/posts\/1\/revisions"}],"predecessor-version":[{"id":90,"href":"https:\/\/retoglobal.eu\/index.php\/wp-json\/wp\/v2\/posts\/1\/revisions\/90"}],"wp:featuredmedia":[{"embeddable":true,"href":"https:\/\/retoglobal.eu\/index.php\/wp-json\/wp\/v2\/media\/87"}],"wp:attachment":[{"href":"https:\/\/retoglobal.eu\/index.php\/wp-json\/wp\/v2\/media?parent=1"}],"wp:term":[{"taxonomy":"category","embeddable":true,"href":"https:\/\/retoglobal.eu\/index.php\/wp-json\/wp\/v2\/categories?post=1"},{"taxonomy":"post_tag","embeddable":true,"href":"https:\/\/retoglobal.eu\/index.php\/wp-json\/wp\/v2\/tags?post=1"}],"curies":[{"name":"wp","href":"https:\/\/api.w.org\/{rel}","templated":true}]}}